{"id":113936,"date":"2023-07-17T11:23:19","date_gmt":"2023-07-17T16:23:19","guid":{"rendered":"https:\/\/nvnoticias.mx\/?p=113936"},"modified":"2023-07-17T11:23:20","modified_gmt":"2023-07-17T16:23:20","slug":"economia-china-crece-menos-de-lo-esperado","status":"publish","type":"post","link":"https:\/\/nvnoticias.mx\/index.php\/2023\/07\/17\/economia-china-crece-menos-de-lo-esperado\/","title":{"rendered":"Econom\u00eda china crece menos de lo esperado"},"content":{"rendered":"\n<p>La recuperaci\u00f3n econ\u00f3mica de\u00a0China\u00a0perdi\u00f3 impulso en el segundo trimestre, poniendo en riesgo el objetivo de crecimiento de Beijing para el a\u00f1o y aumentando las preocupaciones sobre una\u00a0<strong>desaceleraci\u00f3n de la econom\u00eda mundial<\/strong>.<\/p>\n\n\n\n<p>El segundo trimestre, el\u00a0<strong>producto interno bruto<\/strong>\u00a0creci\u00f3 a un ritmo m\u00e1s lento de lo esperado de\u00a0<strong>6.3 por ciento\u00a0<\/strong>en comparaci\u00f3n con el mismo per\u00edodo del a\u00f1o anterior, cuando docenas de ciudades chinas estaban bloqueadas, pero apenas por debajo del 1 por ciento respecto del primer trimestre.<\/p>\n\n\n\n<p>La deflaci\u00f3n es un riesgo importante ahora, mostraron los datos, cuando los precios de toda la econom\u00eda cayeron por primera vez desde 2020, mientras que el\u00a0<strong>desempleo juvenil super\u00f3 el 21 por ciento<\/strong>.<\/p>\n\n\n\n<p>Los datos intensificaron los llamados a m\u00e1s est\u00edmulo para la econom\u00eda china y ahora la atenci\u00f3n se dirige a una reuni\u00f3n del Politbur\u00f3 del Partido Comunista que se realizar\u00e1 este mes y que decidir\u00e1 las pol\u00edticas econ\u00f3micas para el resto del a\u00f1o. Sin embargo, Beijing ha insinuado que las\u00a0<strong>medidas de est\u00edmulo<\/strong>\u00a0de este a\u00f1o probablemente ser\u00e1n de<strong>\u00a0escala limitada<\/strong>, lo que refleja su objetivo de\u00a0<strong>crecimiento relativamente modesto<\/strong>\u00a0de alrededor del 5 por ciento para el a\u00f1o.<\/p>\n\n\n\n<p>Incluso ese objetivo ahora est\u00e1 en riesgo. Los economistas de Citigroup redujeron su pron\u00f3stico para el crecimiento de China este a\u00f1o del 5.5 al 5 por ciento. Morgan Stanley recort\u00f3 su proyecci\u00f3n de 5.7 al 5 por ciento, mientras que UOB y JPMorgan Chase &amp; Co. proyectan la misma expansi\u00f3n este a\u00f1o, por debajo de las estimaciones anteriores de 5.6% y 5.5 por ciento, respectivamente.<\/p>\n\n\n\n<p>Los datos de junio publicados por la oficina nacional de estad\u00edsticas mostraron una\u00a0<strong>desaceleraci\u00f3n en el crecimiento del gasto del consumidor<\/strong>, que ha sido el principal motor de la econom\u00eda de China este a\u00f1o. Las ventas al por menor aumentaron un 3.1 por ciento en junio respecto del a\u00f1o anterior, por debajo del 12.7 por ciento de mayo.<\/p>\n\n\n\n<blockquote class=\"wp-block-quote is-layout-flow wp-block-quote-is-layout-flow\"><p>\u201cLo que todos esper\u00e1bamos era una recuperaci\u00f3n impulsada por el consumo y los servicios. Si eso est\u00e1 fallando, entonces no queda motor para la recuperaci\u00f3n\u201d, dijo Louis Kuijs, economista jefe para Asia Pac\u00edfico en S&amp;P Global Ratings.<\/p><\/blockquote>\n\n\n\n<p>Para tener en cuenta los efectos base de los bloqueos del a\u00f1o pasado, los economistas se han centrado en las tasas de crecimiento promedio trimestrales y de dos a\u00f1os. Ambas medidas mostraron una desaceleraci\u00f3n en el segundo trimestre en comparaci\u00f3n con los tres primeros meses del a\u00f1o. <\/p>\n\n\n\n<p>Fuente: <a href=\"https:\/\/www.elfinanciero.com.mx\/mundo\/2023\/07\/17\/china-decepciona-economia-crece-menos-de-lo-esperado-preven-estimulos-limitados\/\" data-type=\"URL\" data-id=\"https:\/\/www.elfinanciero.com.mx\/mundo\/2023\/07\/17\/china-decepciona-economia-crece-menos-de-lo-esperado-preven-estimulos-limitados\/\">El Financiero<\/a> <\/p>\n","protected":false},"excerpt":{"rendered":"<p>La recuperaci\u00f3n econ\u00f3mica de\u00a0China\u00a0perdi\u00f3 impulso en el segundo trimestre, poniendo en riesgo el objetivo de crecimiento de Beijing para el a\u00f1o y aumentando las preocupaciones sobre una\u00a0desaceleraci\u00f3n de la econom\u00eda mundial. El segundo trimestre, el\u00a0producto interno bruto\u00a0creci\u00f3 a un ritmo m\u00e1s lento de lo esperado de\u00a06.3 por ciento\u00a0en comparaci\u00f3n con el mismo per\u00edodo del a\u00f1o [&hellip;]<\/p>\n","protected":false},"author":35,"featured_media":76035,"comment_status":"open","ping_status":"open","sticky":false,"template":"","format":"standard","meta":{"_monsterinsights_skip_tracking":false,"_monsterinsights_sitenote_active":false,"_monsterinsights_sitenote_note":"","_monsterinsights_sitenote_category":0,"footnotes":""},"categories":[181],"tags":[7632,26327,10810],"class_list":["post-113936","post","type-post","status-publish","format-standard","has-post-thumbnail","hentry","category-internacional","tag-crece","tag-economia-china","tag-esperado","wp-image-borders"],"amp_enabled":true,"_links":{"self":[{"href":"https:\/\/nvnoticias.mx\/index.php\/wp-json\/wp\/v2\/posts\/113936","targetHints":{"allow":["GET"]}}],"collection":[{"href":"https:\/\/nvnoticias.mx\/index.php\/wp-json\/wp\/v2\/posts"}],"about":[{"href":"https:\/\/nvnoticias.mx\/index.php\/wp-json\/wp\/v2\/types\/post"}],"author":[{"embeddable":true,"href":"https:\/\/nvnoticias.mx\/index.php\/wp-json\/wp\/v2\/users\/35"}],"replies":[{"embeddable":true,"href":"https:\/\/nvnoticias.mx\/index.php\/wp-json\/wp\/v2\/comments?post=113936"}],"version-history":[{"count":4,"href":"https:\/\/nvnoticias.mx\/index.php\/wp-json\/wp\/v2\/posts\/113936\/revisions"}],"predecessor-version":[{"id":113940,"href":"https:\/\/nvnoticias.mx\/index.php\/wp-json\/wp\/v2\/posts\/113936\/revisions\/113940"}],"wp:featuredmedia":[{"embeddable":true,"href":"https:\/\/nvnoticias.mx\/index.php\/wp-json\/wp\/v2\/media\/76035"}],"wp:attachment":[{"href":"https:\/\/nvnoticias.mx\/index.php\/wp-json\/wp\/v2\/media?parent=113936"}],"wp:term":[{"taxonomy":"category","embeddable":true,"href":"https:\/\/nvnoticias.mx\/index.php\/wp-json\/wp\/v2\/categories?post=113936"},{"taxonomy":"post_tag","embeddable":true,"href":"https:\/\/nvnoticias.mx\/index.php\/wp-json\/wp\/v2\/tags?post=113936"}],"curies":[{"name":"wp","href":"https:\/\/api.w.org\/{rel}","templated":true}]}}