{"id":113851,"date":"2023-07-16T12:50:01","date_gmt":"2023-07-16T17:50:01","guid":{"rendered":"https:\/\/nvnoticias.mx\/?p=113851"},"modified":"2023-07-16T12:50:03","modified_gmt":"2023-07-16T17:50:03","slug":"la-zona-de-la-riviera-veracruzana-es-la-de-mayor-crecimiento-inmobiliario","status":"publish","type":"post","link":"https:\/\/nvnoticias.mx\/index.php\/2023\/07\/16\/la-zona-de-la-riviera-veracruzana-es-la-de-mayor-crecimiento-inmobiliario\/","title":{"rendered":"La zona de la Riviera Veracruzana es la de mayor crecimiento inmobiliario"},"content":{"rendered":"\n<p><strong>Jes\u00fas Utrilla | NV Noticias <\/strong><\/p>\n\n\n\n<p>La zona de la Riviera Veracruzana es la de mayor crecimiento inmobiliario.Rodolfo Alc\u00e1ntara Gonz\u00e1lez, presidente de la C\u00e1mara Nacional de la Industria de Desarrollo y Promoci\u00f3n de Vivienda, dijo que el crecimiento es tanto en vivienda como en comercios.<\/p>\n\n\n\n<p>Fue m\u00e1s all\u00e1 al se\u00f1alar que es el \u00e1rea de mayor crecimiento de la zona metropolitana e incluso en el Estado de Veracruz. Explic\u00f3 que se ha generado vivienda para diversas posibilidades econ\u00f3micas aunque en su mayor\u00eda van desde los 2 millones de pesos en adelante, adem\u00e1s varias constructoras contin\u00faan impulsando la construcci\u00f3n de desarrollos inmobiliarios.<\/p>\n\n\n\n<blockquote class=\"wp-block-quote is-layout-flow wp-block-quote-is-layout-flow\"><p>\u201cEs una zona que ha tenido una actividad muy importante, no de estos a\u00f1os sino ya de m\u00e1s de 12 a\u00f1os a la fecha. Tiene un crecimiento comercial, inmobiliario, hay venta de terrenos, desarrollos nuevos que ofrecen terrenos, viviendas, hay plazas comerciales\u201d.<\/p><\/blockquote>\n\n\n\n<p>Mencion\u00f3 tambi\u00e9n que es de las zonas donde se cuenta con mayor cantidad de terreno para construir a futuro. Incluso algunos predios se encuentran en venta y van desde los 3 mil hasta los 10 mil pesos por metro cuadrado.<\/p>\n\n\n\n<p>Aunado a ello los servicios p\u00fablicos mejoraron de manera considerable, pues anteriormente, las quejas eran constantes.<\/p>\n\n\n\n<blockquote class=\"wp-block-quote is-layout-flow wp-block-quote-is-layout-flow\"><p>\u201cYa disminuy\u00f3 el problema, en un principio hab\u00eda problemas tanto de agua, como recolecci\u00f3n de basura, camellones, pero actualmente se reactiv\u00f3 y se est\u00e1n atendiendo todas estas necesidades\u201d.<\/p><\/blockquote>\n\n\n\n<p>Insisti\u00f3 en que la zona de la Riviera Veracruzana es de las m\u00e1s importantes en cuanto a desarrollo inmobiliario en el estado.<\/p>\n","protected":false},"excerpt":{"rendered":"<p>Jes\u00fas Utrilla | NV Noticias La zona de la Riviera Veracruzana es la de mayor crecimiento inmobiliario.Rodolfo Alc\u00e1ntara Gonz\u00e1lez, presidente de la C\u00e1mara Nacional de la Industria de Desarrollo y Promoci\u00f3n de Vivienda, dijo que el crecimiento es tanto en vivienda como en comercios. Fue m\u00e1s all\u00e1 al se\u00f1alar que es el \u00e1rea de mayor [&hellip;]<\/p>\n","protected":false},"author":35,"featured_media":111492,"comment_status":"open","ping_status":"open","sticky":false,"template":"","format":"standard","meta":{"_monsterinsights_skip_tracking":false,"_monsterinsights_sitenote_active":false,"_monsterinsights_sitenote_note":"","_monsterinsights_sitenote_category":0,"footnotes":""},"categories":[154],"tags":[2699,26317,9855,18021],"class_list":["post-113851","post","type-post","status-publish","format-standard","has-post-thumbnail","hentry","category-veracruz","tag-crecimiento","tag-inmobiliario","tag-mayor","tag-riviera-veracruzana","wp-image-borders"],"amp_enabled":true,"_links":{"self":[{"href":"https:\/\/nvnoticias.mx\/index.php\/wp-json\/wp\/v2\/posts\/113851","targetHints":{"allow":["GET"]}}],"collection":[{"href":"https:\/\/nvnoticias.mx\/index.php\/wp-json\/wp\/v2\/posts"}],"about":[{"href":"https:\/\/nvnoticias.mx\/index.php\/wp-json\/wp\/v2\/types\/post"}],"author":[{"embeddable":true,"href":"https:\/\/nvnoticias.mx\/index.php\/wp-json\/wp\/v2\/users\/35"}],"replies":[{"embeddable":true,"href":"https:\/\/nvnoticias.mx\/index.php\/wp-json\/wp\/v2\/comments?post=113851"}],"version-history":[{"count":1,"href":"https:\/\/nvnoticias.mx\/index.php\/wp-json\/wp\/v2\/posts\/113851\/revisions"}],"predecessor-version":[{"id":113852,"href":"https:\/\/nvnoticias.mx\/index.php\/wp-json\/wp\/v2\/posts\/113851\/revisions\/113852"}],"wp:featuredmedia":[{"embeddable":true,"href":"https:\/\/nvnoticias.mx\/index.php\/wp-json\/wp\/v2\/media\/111492"}],"wp:attachment":[{"href":"https:\/\/nvnoticias.mx\/index.php\/wp-json\/wp\/v2\/media?parent=113851"}],"wp:term":[{"taxonomy":"category","embeddable":true,"href":"https:\/\/nvnoticias.mx\/index.php\/wp-json\/wp\/v2\/categories?post=113851"},{"taxonomy":"post_tag","embeddable":true,"href":"https:\/\/nvnoticias.mx\/index.php\/wp-json\/wp\/v2\/tags?post=113851"}],"curies":[{"name":"wp","href":"https:\/\/api.w.org\/{rel}","templated":true}]}}