{"id":113817,"date":"2023-07-16T09:15:00","date_gmt":"2023-07-16T14:15:00","guid":{"rendered":"https:\/\/nvnoticias.mx\/?p=113817"},"modified":"2023-07-16T01:38:47","modified_gmt":"2023-07-16T06:38:47","slug":"supera-canada-las-10-millones-de-hectareas-quemadas-por-megaincendios","status":"publish","type":"post","link":"https:\/\/nvnoticias.mx\/index.php\/2023\/07\/16\/supera-canada-las-10-millones-de-hectareas-quemadas-por-megaincendios\/","title":{"rendered":"Supera Canad\u00e1 las 10 millones de hect\u00e1reas quemadas por megaincendios"},"content":{"rendered":"\n<p>M\u00e1s de 10 millones de hect\u00e1reas resultaron incineradas por incendios forestales este a\u00f1o en Canad\u00e1, una cifra muy por encima del \u00faltimo r\u00e9cord que ten\u00eda el pa\u00eds norteamericano y que seguir\u00e1 aumentando en las pr\u00f3ximas semanas, seg\u00fan datos gubernamentales divulgados el s\u00e1bado.<\/p>\n\n\n\n<p>El r\u00e9cord anterior de todos los tiempos de \u00e1reas quemadas se remonta a 1989 con 7. 3 millones de hect\u00e1reas, seg\u00fan cifras nacionales del Centro Interagencial Canadiense de Incendios Forestales (CIFFC).<\/p>\n\n\n\n<p>En total, se han contabilizado 4.088 mil incendios desde enero pasado, muchos de los cuales que alcanzaron cientos de miles de hect\u00e1reas. M\u00e1s de 150 mil personas tambi\u00e9n tuvieron que ser evacuadas de esas \u00e1reas.<\/p>\n\n\n\n<p>Po la magnitud de los incendios y su cantidad obligan a las autoridades a no intervenir, por lo tanto, dejar\u00e1n que la mayor\u00eda sigan ardiendo.<\/p>\n\n\n\n<p>Principalmente se incendian bosques boreales, lejos de las zonas habitadas. Sin embargo, traen graves consecuencias para el medioambiente.<br><\/p>\n\n\n\n<p>Fuente: <a href=\"https:\/\/www.milenio.com\/internacional\/canada-suma-10-millones-hectareas-quemadas-megaincendios\" data-type=\"URL\" data-id=\"https:\/\/www.milenio.com\/internacional\/canada-suma-10-millones-hectareas-quemadas-megaincendios\">Milenio<\/a><\/p>\n","protected":false},"excerpt":{"rendered":"<p>M\u00e1s de 10 millones de hect\u00e1reas resultaron incineradas por incendios forestales este a\u00f1o en Canad\u00e1, una cifra muy por encima del \u00faltimo r\u00e9cord que ten\u00eda el pa\u00eds norteamericano y que seguir\u00e1 aumentando en las pr\u00f3ximas semanas, seg\u00fan datos gubernamentales divulgados el s\u00e1bado. El r\u00e9cord anterior de todos los tiempos de \u00e1reas quemadas se remonta a [&hellip;]<\/p>\n","protected":false},"author":35,"featured_media":5920,"comment_status":"open","ping_status":"open","sticky":false,"template":"","format":"standard","meta":{"_monsterinsights_skip_tracking":false,"_monsterinsights_sitenote_active":false,"_monsterinsights_sitenote_note":"","_monsterinsights_sitenote_category":0,"footnotes":""},"categories":[181],"tags":[887,10309,26304,26303,8242],"class_list":["post-113817","post","type-post","status-publish","format-standard","has-post-thumbnail","hentry","category-internacional","tag-canada-2","tag-hectareas","tag-mageincendios","tag-quemadas","tag-supera","wp-image-borders"],"amp_enabled":true,"_links":{"self":[{"href":"https:\/\/nvnoticias.mx\/index.php\/wp-json\/wp\/v2\/posts\/113817","targetHints":{"allow":["GET"]}}],"collection":[{"href":"https:\/\/nvnoticias.mx\/index.php\/wp-json\/wp\/v2\/posts"}],"about":[{"href":"https:\/\/nvnoticias.mx\/index.php\/wp-json\/wp\/v2\/types\/post"}],"author":[{"embeddable":true,"href":"https:\/\/nvnoticias.mx\/index.php\/wp-json\/wp\/v2\/users\/35"}],"replies":[{"embeddable":true,"href":"https:\/\/nvnoticias.mx\/index.php\/wp-json\/wp\/v2\/comments?post=113817"}],"version-history":[{"count":1,"href":"https:\/\/nvnoticias.mx\/index.php\/wp-json\/wp\/v2\/posts\/113817\/revisions"}],"predecessor-version":[{"id":113818,"href":"https:\/\/nvnoticias.mx\/index.php\/wp-json\/wp\/v2\/posts\/113817\/revisions\/113818"}],"wp:featuredmedia":[{"embeddable":true,"href":"https:\/\/nvnoticias.mx\/index.php\/wp-json\/wp\/v2\/media\/5920"}],"wp:attachment":[{"href":"https:\/\/nvnoticias.mx\/index.php\/wp-json\/wp\/v2\/media?parent=113817"}],"wp:term":[{"taxonomy":"category","embeddable":true,"href":"https:\/\/nvnoticias.mx\/index.php\/wp-json\/wp\/v2\/categories?post=113817"},{"taxonomy":"post_tag","embeddable":true,"href":"https:\/\/nvnoticias.mx\/index.php\/wp-json\/wp\/v2\/tags?post=113817"}],"curies":[{"name":"wp","href":"https:\/\/api.w.org\/{rel}","templated":true}]}}