{"id":113815,"date":"2023-07-16T09:10:00","date_gmt":"2023-07-16T14:10:00","guid":{"rendered":"https:\/\/nvnoticias.mx\/?p=113815"},"modified":"2023-07-16T01:38:29","modified_gmt":"2023-07-16T06:38:29","slug":"hospitalizan-primer-ministro-israeli-por-deshidratacion-durante-ola-de-calor","status":"publish","type":"post","link":"https:\/\/nvnoticias.mx\/index.php\/2023\/07\/16\/hospitalizan-primer-ministro-israeli-por-deshidratacion-durante-ola-de-calor\/","title":{"rendered":"Hospitalizan primer ministro israel\u00ed por deshidrataci\u00f3n durante ola de calor"},"content":{"rendered":"\n<p>El primer ministro israel\u00ed, Benjamin Netanyahu, dijo el s\u00e1bado sentirse &#8220;muy bien&#8221; despu\u00e9s de ser llevado de urgencia al hospital por lo que los m\u00e9dicos se\u00f1alaron que probablemente fue una deshidrataci\u00f3n.<\/p>\n\n\n\n<p>Sin embargo, los m\u00e9dicos le ordenaron que permaneciera hospitalizado durante la noche para una mayor observaci\u00f3n, y su reuni\u00f3n semanal del gabinete se retras\u00f3 un d\u00eda y se reprogram\u00f3 para el lunes, inform\u00f3 su oficina.<\/p>\n\n\n\n<p>La oficina de Netanyahu indic\u00f3 que el primer ministro fue hospitalizado despu\u00e9s de sentir un leve mareo. Detall\u00f3 que hab\u00eda pasado el d\u00eda anterior bajo el calor del Mar de Galilea, un popular lugar de vacaciones en el norte de Israel, y que despu\u00e9s de una serie de pruebas, la evaluaci\u00f3n inicial fue que el mandatario israel\u00ed estaba deshidratado.<\/p>\n\n\n\n<p>M\u00e1s tarde el s\u00e1bado, un sonriente Netanyahu emiti\u00f3 una declaraci\u00f3n en video desde el hospital, diciendo que hab\u00eda estado bajo el sol el viernes sin usar sombrero y sin agua. &#8220;No es una buena idea&#8221;, dijo.<br><\/p>\n\n\n\n<blockquote class=\"wp-block-quote is-layout-flow wp-block-quote-is-layout-flow\"><p>\u201cGracias a Dios, me siento muy bien&#8221;, afirm\u00f3 en un mensaje de agradecimiento al equipo m\u00e9dico y a la poblaci\u00f3n por sus mensajes de apoyo.<\/p><\/blockquote>\n\n\n\n<p>A\u00f1adi\u00f3 que ten\u00eda &#8220;una petici\u00f3n&#8221;: que la gente beba agua y se mantenga alejada del sol.<br><\/p>\n\n\n\n<p>Fuente: <a href=\"https:\/\/www.milenio.com\/internacional\/netanyahu-hospitalizado-por-deshidratacion-en-israel\" data-type=\"URL\" data-id=\"https:\/\/www.milenio.com\/internacional\/netanyahu-hospitalizado-por-deshidratacion-en-israel\">Milenio<\/a><\/p>\n\n\n\n<p><\/p>\n","protected":false},"excerpt":{"rendered":"<p>El primer ministro israel\u00ed, Benjamin Netanyahu, dijo el s\u00e1bado sentirse &#8220;muy bien&#8221; despu\u00e9s de ser llevado de urgencia al hospital por lo que los m\u00e9dicos se\u00f1alaron que probablemente fue una deshidrataci\u00f3n. Sin embargo, los m\u00e9dicos le ordenaron que permaneciera hospitalizado durante la noche para una mayor observaci\u00f3n, y su reuni\u00f3n semanal del gabinete se retras\u00f3 [&hellip;]<\/p>\n","protected":false},"author":35,"featured_media":10416,"comment_status":"open","ping_status":"open","sticky":false,"template":"","format":"standard","meta":{"_monsterinsights_skip_tracking":false,"_monsterinsights_sitenote_active":false,"_monsterinsights_sitenote_note":"","_monsterinsights_sitenote_category":0,"footnotes":""},"categories":[181],"tags":[3442,9148,9642,3337,8359,4720,8006],"class_list":["post-113815","post","type-post","status-publish","format-standard","has-post-thumbnail","hentry","category-internacional","tag-deshidratacion","tag-durante","tag-hospitalizan","tag-israel","tag-ministro","tag-ola-de-calor","tag-primer","wp-image-borders"],"amp_enabled":true,"_links":{"self":[{"href":"https:\/\/nvnoticias.mx\/index.php\/wp-json\/wp\/v2\/posts\/113815","targetHints":{"allow":["GET"]}}],"collection":[{"href":"https:\/\/nvnoticias.mx\/index.php\/wp-json\/wp\/v2\/posts"}],"about":[{"href":"https:\/\/nvnoticias.mx\/index.php\/wp-json\/wp\/v2\/types\/post"}],"author":[{"embeddable":true,"href":"https:\/\/nvnoticias.mx\/index.php\/wp-json\/wp\/v2\/users\/35"}],"replies":[{"embeddable":true,"href":"https:\/\/nvnoticias.mx\/index.php\/wp-json\/wp\/v2\/comments?post=113815"}],"version-history":[{"count":1,"href":"https:\/\/nvnoticias.mx\/index.php\/wp-json\/wp\/v2\/posts\/113815\/revisions"}],"predecessor-version":[{"id":113816,"href":"https:\/\/nvnoticias.mx\/index.php\/wp-json\/wp\/v2\/posts\/113815\/revisions\/113816"}],"wp:featuredmedia":[{"embeddable":true,"href":"https:\/\/nvnoticias.mx\/index.php\/wp-json\/wp\/v2\/media\/10416"}],"wp:attachment":[{"href":"https:\/\/nvnoticias.mx\/index.php\/wp-json\/wp\/v2\/media?parent=113815"}],"wp:term":[{"taxonomy":"category","embeddable":true,"href":"https:\/\/nvnoticias.mx\/index.php\/wp-json\/wp\/v2\/categories?post=113815"},{"taxonomy":"post_tag","embeddable":true,"href":"https:\/\/nvnoticias.mx\/index.php\/wp-json\/wp\/v2\/tags?post=113815"}],"curies":[{"name":"wp","href":"https:\/\/api.w.org\/{rel}","templated":true}]}}