{"id":113806,"date":"2023-07-15T17:04:54","date_gmt":"2023-07-15T22:04:54","guid":{"rendered":"https:\/\/nvnoticias.mx\/?p=113806"},"modified":"2023-07-15T17:04:54","modified_gmt":"2023-07-15T22:04:54","slug":"esperan-mas-de-3-millones-de-visitantes-por-vacaciones-de-verano-en-veracruz","status":"publish","type":"post","link":"https:\/\/nvnoticias.mx\/index.php\/2023\/07\/15\/esperan-mas-de-3-millones-de-visitantes-por-vacaciones-de-verano-en-veracruz\/","title":{"rendered":"Esperan m\u00e1s de 3 millones de visitantes por vacaciones de verano en Veracruz"},"content":{"rendered":"\n<p>El titular de la Secretar\u00eda de Turismo y Cultura, Iv\u00e1n Mart\u00ednez Olvera, comparti\u00f3 que a principios de a\u00f1o pronosticaban un crecimiento en materia tur\u00edstica del 18 porciento, sin embargo la cifra de nada mas el primer semestre del 2023, misma que celebr\u00f3.<\/p>\n\n\n\n<blockquote class=\"wp-block-quote is-layout-flow wp-block-quote-is-layout-flow\"><p>&#8220;<em>Tenemos una expectativa de crecimiento muy importante. Como les hab\u00eda dicho al principio de a\u00f1o nosotros proyect\u00e1bamos un crecimiento del 18 porciento en el \u00e1mbito tur\u00edstico para este a\u00f1o y como se han ido dando las cifras a lo largo del primer semestre tuvimos un crecimiento del 51 porciento y eso nos lleva a esperar un aproximado de 3 millones de turistas en todo el periodo vacacional en todo el estado<\/em>&#8220;, detall\u00f3.<\/p><\/blockquote>\n\n\n\n<p>Record\u00f3 que el el periodo vacacional de verano ser\u00e1 del 24 de julio al 28 de agosto, recordando que hay d\u00edas m\u00e1s fuertes en los que coinciden las vacaciones de escuelas con oficinas de gobierno.<\/p>\n\n\n\n<p>En ese sentido, dio a conocer que adem\u00e1s de los 3 millones de visitantes, en dicho periodo vacacional se prev\u00e9 en toda la entidad veracruzana un 87 porciento en la ocupaci\u00f3n hotelera.<\/p>\n\n\n\n<p>Mart\u00ednez Olvera afirm\u00f3 que las sietes regiones del estado tienen beneficios y cada una tiene atractivos significativos y diferentes productos que ofrecer al turismo.<\/p>\n\n\n\n<p>Aunado a lo anterior, se\u00f1al\u00f3 que en los pr\u00f3ximos meses se realizaran varios eventls que atraer\u00e1n turismo, tal como las Fiestas de Santa Ana, celebraci\u00f3n de Boca del R\u00edo en la que gobierno del estado cooper\u00f3.<\/p>\n\n\n\n<blockquote class=\"wp-block-quote is-layout-flow wp-block-quote-is-layout-flow\"><p>&#8220;<em>Si ah\u00ed apoyamos al ayuntamiento parte con la log\u00edstica, operaci\u00f3n, recurso, seguridad p\u00fablica, protecci\u00f3n civil y todo lo que se requiera con participaci\u00f3n. El alcalde siempre ha colaborado muy bien con el Gobierno del Estado y viceversa, nosotros estamos para respaldarlos y hay muy buena colaboraci\u00f3n<\/em>&#8220;, concluy\u00f3.<\/p><\/blockquote>\n","protected":false},"excerpt":{"rendered":"<p>El titular de la Secretar\u00eda de Turismo y Cultura, Iv\u00e1n Mart\u00ednez Olvera, comparti\u00f3 que a principios de a\u00f1o pronosticaban un crecimiento en materia tur\u00edstica del 18 porciento, sin embargo la cifra de nada mas el primer semestre del 2023, misma que celebr\u00f3. &#8220;Tenemos una expectativa de crecimiento muy importante. Como les hab\u00eda dicho al principio [&hellip;]<\/p>\n","protected":false},"author":8,"featured_media":113807,"comment_status":"open","ping_status":"open","sticky":false,"template":"","format":"standard","meta":{"_monsterinsights_skip_tracking":false,"_monsterinsights_sitenote_active":false,"_monsterinsights_sitenote_note":"","_monsterinsights_sitenote_category":0,"footnotes":""},"categories":[154],"tags":[4756,180,10197],"class_list":["post-113806","post","type-post","status-publish","format-standard","has-post-thumbnail","hentry","category-veracruz","tag-vacaciones-de-verano","tag-veracruz","tag-visitantes","wp-image-borders"],"amp_enabled":true,"_links":{"self":[{"href":"https:\/\/nvnoticias.mx\/index.php\/wp-json\/wp\/v2\/posts\/113806","targetHints":{"allow":["GET"]}}],"collection":[{"href":"https:\/\/nvnoticias.mx\/index.php\/wp-json\/wp\/v2\/posts"}],"about":[{"href":"https:\/\/nvnoticias.mx\/index.php\/wp-json\/wp\/v2\/types\/post"}],"author":[{"embeddable":true,"href":"https:\/\/nvnoticias.mx\/index.php\/wp-json\/wp\/v2\/users\/8"}],"replies":[{"embeddable":true,"href":"https:\/\/nvnoticias.mx\/index.php\/wp-json\/wp\/v2\/comments?post=113806"}],"version-history":[{"count":1,"href":"https:\/\/nvnoticias.mx\/index.php\/wp-json\/wp\/v2\/posts\/113806\/revisions"}],"predecessor-version":[{"id":113808,"href":"https:\/\/nvnoticias.mx\/index.php\/wp-json\/wp\/v2\/posts\/113806\/revisions\/113808"}],"wp:featuredmedia":[{"embeddable":true,"href":"https:\/\/nvnoticias.mx\/index.php\/wp-json\/wp\/v2\/media\/113807"}],"wp:attachment":[{"href":"https:\/\/nvnoticias.mx\/index.php\/wp-json\/wp\/v2\/media?parent=113806"}],"wp:term":[{"taxonomy":"category","embeddable":true,"href":"https:\/\/nvnoticias.mx\/index.php\/wp-json\/wp\/v2\/categories?post=113806"},{"taxonomy":"post_tag","embeddable":true,"href":"https:\/\/nvnoticias.mx\/index.php\/wp-json\/wp\/v2\/tags?post=113806"}],"curies":[{"name":"wp","href":"https:\/\/api.w.org\/{rel}","templated":true}]}}