{"id":113773,"date":"2023-07-15T15:47:33","date_gmt":"2023-07-15T20:47:33","guid":{"rendered":"https:\/\/nvnoticias.mx\/?p=113773"},"modified":"2023-07-15T15:47:34","modified_gmt":"2023-07-15T20:47:34","slug":"partido-verde-propone-sancionar-a-quienes-no-voten-en-elecciones","status":"publish","type":"post","link":"https:\/\/nvnoticias.mx\/index.php\/2023\/07\/15\/partido-verde-propone-sancionar-a-quienes-no-voten-en-elecciones\/","title":{"rendered":"Partido Verde propone sancionar a quienes no voten en elecciones"},"content":{"rendered":"\n<p>La diputada Mar\u00eda del Carmen Pinete Vargas (PVEM) propuso reformar la Constituci\u00f3n para\u00a0sancionar\u00a0a quienes\u00a0no voten en elecciones, consultas populares y procesos de revocaci\u00f3n de mandato.<\/p>\n\n\n\n<p>La sanci\u00f3n ser\u00eda suspender por un a\u00f1o la utilizaci\u00f3n de la credencial de elector como medio de identificaci\u00f3n personal, o una multa equivalente de 10 veces el valor diario de la Unidad de Medida y Actualizaci\u00f3n (UMA), es decir, mil 037.4 pesos, de acuerdo al valor de la unidad para 2023.<\/p>\n\n\n\n<p>La legisladora se\u00f1al\u00f3 que el voto, adem\u00e1s de ser un derecho, tambi\u00e9n es una obligaci\u00f3n de los ciudadanos, establecida en el art\u00edculo 36, fracci\u00f3n III, de la Carta Magna.<\/p>\n\n\n\n<blockquote class=\"wp-block-quote is-layout-flow wp-block-quote-is-layout-flow\"><p>\u201c<em>A pesar de que desde hace a\u00f1os se han emprendido diferentes campa\u00f1as de concientizaci\u00f3n por parte de las autoridades electorales federales y locales, los partidos pol\u00edticos y las organizaciones no gubernamentales sobre la importancia de la participaci\u00f3n ciudadana en los procesos electorales, a\u00fan falta mucho por hacer para elevar el porcentaje de electores que acuden a las urnas a cumplir con su obligaci\u00f3n de votar<\/em>\u201d, refiri\u00f3.<\/p><\/blockquote>\n\n\n\n<p>Dijo que en 27 pa\u00edses se sanciona a los ciudadanos que no participan en las elecciones. La iniciativa fue enviada a las comisiones de Puntos Constitucionales a la de Reforma Pol\u00edtica-Electoral para su an\u00e1lisis.<\/p>\n\n\n\n<p>Fuente: <a href=\"https:\/\/www.eluniversal.com.mx\/nacion\/partido-verde-propone-sancionar-a-quienes-no-voten-en-elecciones\/\">El Universal<\/a><\/p>\n","protected":false},"excerpt":{"rendered":"<p>La diputada Mar\u00eda del Carmen Pinete Vargas (PVEM) propuso reformar la Constituci\u00f3n para\u00a0sancionar\u00a0a quienes\u00a0no voten en elecciones, consultas populares y procesos de revocaci\u00f3n de mandato. La sanci\u00f3n ser\u00eda suspender por un a\u00f1o la utilizaci\u00f3n de la credencial de elector como medio de identificaci\u00f3n personal, o una multa equivalente de 10 veces el valor diario de [&hellip;]<\/p>\n","protected":false},"author":8,"featured_media":55842,"comment_status":"open","ping_status":"open","sticky":false,"template":"","format":"standard","meta":{"_monsterinsights_skip_tracking":false,"_monsterinsights_sitenote_active":false,"_monsterinsights_sitenote_note":"","_monsterinsights_sitenote_category":0,"footnotes":""},"categories":[158],"tags":[948,3030,1415],"class_list":["post-113773","post","type-post","status-publish","format-standard","has-post-thumbnail","hentry","category-politica","tag-pvem","tag-sancion","tag-votaciones","wp-image-borders"],"amp_enabled":true,"_links":{"self":[{"href":"https:\/\/nvnoticias.mx\/index.php\/wp-json\/wp\/v2\/posts\/113773","targetHints":{"allow":["GET"]}}],"collection":[{"href":"https:\/\/nvnoticias.mx\/index.php\/wp-json\/wp\/v2\/posts"}],"about":[{"href":"https:\/\/nvnoticias.mx\/index.php\/wp-json\/wp\/v2\/types\/post"}],"author":[{"embeddable":true,"href":"https:\/\/nvnoticias.mx\/index.php\/wp-json\/wp\/v2\/users\/8"}],"replies":[{"embeddable":true,"href":"https:\/\/nvnoticias.mx\/index.php\/wp-json\/wp\/v2\/comments?post=113773"}],"version-history":[{"count":1,"href":"https:\/\/nvnoticias.mx\/index.php\/wp-json\/wp\/v2\/posts\/113773\/revisions"}],"predecessor-version":[{"id":113774,"href":"https:\/\/nvnoticias.mx\/index.php\/wp-json\/wp\/v2\/posts\/113773\/revisions\/113774"}],"wp:featuredmedia":[{"embeddable":true,"href":"https:\/\/nvnoticias.mx\/index.php\/wp-json\/wp\/v2\/media\/55842"}],"wp:attachment":[{"href":"https:\/\/nvnoticias.mx\/index.php\/wp-json\/wp\/v2\/media?parent=113773"}],"wp:term":[{"taxonomy":"category","embeddable":true,"href":"https:\/\/nvnoticias.mx\/index.php\/wp-json\/wp\/v2\/categories?post=113773"},{"taxonomy":"post_tag","embeddable":true,"href":"https:\/\/nvnoticias.mx\/index.php\/wp-json\/wp\/v2\/tags?post=113773"}],"curies":[{"name":"wp","href":"https:\/\/api.w.org\/{rel}","templated":true}]}}