{"id":113758,"date":"2023-07-15T11:52:11","date_gmt":"2023-07-15T16:52:11","guid":{"rendered":"https:\/\/nvnoticias.mx\/?p=113758"},"modified":"2023-07-15T11:52:11","modified_gmt":"2023-07-15T16:52:11","slug":"cierra-por-segundo-dia-la-acropolis-de-atenas-por-calor-extremo","status":"publish","type":"post","link":"https:\/\/nvnoticias.mx\/index.php\/2023\/07\/15\/cierra-por-segundo-dia-la-acropolis-de-atenas-por-calor-extremo\/","title":{"rendered":"Cierra por segundo d\u00eda la Acr\u00f3polis de Atenas por calor extremo"},"content":{"rendered":"\n<p>El sitio arqueol\u00f3gico de la Acr\u00f3polis de Atenas permanecer\u00e1 cerrado por segundo d\u00eda consecutivo este s\u00e1bado durante las horas m\u00e1s calurosas, en medio de una ola de calor extremo que azota Grecia desde el pasado jueves y que puede elevar hoy los term\u00f3metros hasta los 43 grados.<\/p>\n\n\n\n<p>La Acr\u00f3polis, uno de los sitios arqueol\u00f3gicos m\u00e1s visitados de Europa, permanecer\u00e1 cerrado desde las 11.30 hasta las 17.30, hora local (8.30 a 14.00 GMT).<\/p>\n\n\n\n<p>Ayer, viernes, la ola de calor alcanz\u00f3 su pico y en la ciudad de Tebas, en Grecia central, se alcanzaron los 44,2 grados, mientras que en varias regiones la temperatura sobrepas\u00f3 los 42 grados.<\/p>\n\n\n\n<p>Durante toda la noche, 40 bomberos y voluntarios lucharon contra un incendio en la isla griega de Naxos, que esta ma\u00f1ana pudo finalmente ser contenido con la ayuda de siete medios a\u00e9reos.<\/p>\n\n\n\n<p>Los bomberos tambi\u00e9n luchan contra otros dos incendios, uno en la isla de Eubea y otro cerca de la localidad de T\u00fdrnavos, en Grecia central, sin que hasta el momento se vean amenazadas zonas pobladas, seg\u00fan informaron fuentes de ese cuerpo a EFE.<\/p>\n\n\n\n<p>Seg\u00fan el Observatorio Nacional de Atenas, este s\u00e1bado la temperatura rondar\u00e1 los 40 grados en la mayor parte del pa\u00eds, mientras que en Grecia central y la isla de Creta el termometro alcanzar\u00e1 los 43 grados.<\/p>\n\n\n\n<p>Adem\u00e1s, habr\u00e1n altas concentraciones de polvo africano en casi todo el pa\u00eds.<\/p>\n\n\n\n<p>Protecci\u00f3n Civil ha alertado de que existe alto riesgo de incendios en cinco regiones del pa\u00eds, entre ellas la regi\u00f3n capitalina de \u00c1tica y dos archipi\u00e9lagos en los que el extremo calor se acompa\u00f1a por fuertes vientos.<\/p>\n\n\n\n<p>Seg\u00fan el Servicio Meteorol\u00f3gico Nacional (EMY), la temperatura bajara un poco a partir de ma\u00f1ana y hasta el pr\u00f3ximo mi\u00e9rcoles, si bien aumentar\u00e1 la fuerza del viento, por lo que Protecci\u00f3n Civil ya ha alertado sobre un alto riesgo de incendios a partir del pr\u00f3ximo lunes.<\/p>\n\n\n\n<p>De acuerdo con EMY, se espera que a partir del pr\u00f3ximo jueves la temperatura empiece a subir nuevamente.<\/p>\n\n\n\n<p>Ayer, viernes, los bomberos lucharon contra varios incendios forestales en Grecia central y la pen\u00ednsula del Peloponeso, aunque la mayor\u00eda pudieron ser sofocadas antes de que se propagaran.<\/p>\n\n\n\n<p>Poco antes de que la Acr\u00f3polis cerrara ayer sus puertas, una turista que esperaba en la cola desfalleci\u00f3 por el calor y tuvo que ser trasladada a una ambulancia cercana para recibir atenci\u00f3n m\u00e9dica.<\/p>\n\n\n\n<p>Cada a\u00f1o varios millones de turistas visitan el lugar hist\u00f3rico y desde este mayo se calcula que unas 15.000 personas acuden diariamente al sitio.<\/p>\n\n\n\n<p>En 2021, Grecia vivi\u00f3 un fat\u00eddico verano, con temperaturas que llegaron puntualmente a los 46 grados y superaron as\u00ed el r\u00e9cord de 1987, y hubo numerosos incendios que arrasaron grandes extensiones de naturaleza y dejaron dos muertos.&nbsp;<\/p>\n","protected":false},"excerpt":{"rendered":"<p>El sitio arqueol\u00f3gico de la Acr\u00f3polis de Atenas permanecer\u00e1 cerrado por segundo d\u00eda consecutivo este s\u00e1bado durante las horas m\u00e1s calurosas, en medio de una ola de calor extremo que azota Grecia desde el pasado jueves y que puede elevar hoy los term\u00f3metros hasta los 43 grados. La Acr\u00f3polis, uno de los sitios arqueol\u00f3gicos m\u00e1s [&hellip;]<\/p>\n","protected":false},"author":8,"featured_media":113759,"comment_status":"open","ping_status":"open","sticky":false,"template":"","format":"standard","meta":{"_monsterinsights_skip_tracking":false,"_monsterinsights_sitenote_active":false,"_monsterinsights_sitenote_note":"","_monsterinsights_sitenote_category":0,"footnotes":""},"categories":[181],"tags":[8772,4720],"class_list":["post-113758","post","type-post","status-publish","format-standard","has-post-thumbnail","hentry","category-internacional","tag-acropolis","tag-ola-de-calor","wp-image-borders"],"amp_enabled":true,"_links":{"self":[{"href":"https:\/\/nvnoticias.mx\/index.php\/wp-json\/wp\/v2\/posts\/113758","targetHints":{"allow":["GET"]}}],"collection":[{"href":"https:\/\/nvnoticias.mx\/index.php\/wp-json\/wp\/v2\/posts"}],"about":[{"href":"https:\/\/nvnoticias.mx\/index.php\/wp-json\/wp\/v2\/types\/post"}],"author":[{"embeddable":true,"href":"https:\/\/nvnoticias.mx\/index.php\/wp-json\/wp\/v2\/users\/8"}],"replies":[{"embeddable":true,"href":"https:\/\/nvnoticias.mx\/index.php\/wp-json\/wp\/v2\/comments?post=113758"}],"version-history":[{"count":1,"href":"https:\/\/nvnoticias.mx\/index.php\/wp-json\/wp\/v2\/posts\/113758\/revisions"}],"predecessor-version":[{"id":113760,"href":"https:\/\/nvnoticias.mx\/index.php\/wp-json\/wp\/v2\/posts\/113758\/revisions\/113760"}],"wp:featuredmedia":[{"embeddable":true,"href":"https:\/\/nvnoticias.mx\/index.php\/wp-json\/wp\/v2\/media\/113759"}],"wp:attachment":[{"href":"https:\/\/nvnoticias.mx\/index.php\/wp-json\/wp\/v2\/media?parent=113758"}],"wp:term":[{"taxonomy":"category","embeddable":true,"href":"https:\/\/nvnoticias.mx\/index.php\/wp-json\/wp\/v2\/categories?post=113758"},{"taxonomy":"post_tag","embeddable":true,"href":"https:\/\/nvnoticias.mx\/index.php\/wp-json\/wp\/v2\/tags?post=113758"}],"curies":[{"name":"wp","href":"https:\/\/api.w.org\/{rel}","templated":true}]}}