{"id":113687,"date":"2023-07-14T15:03:51","date_gmt":"2023-07-14T20:03:51","guid":{"rendered":"https:\/\/nvnoticias.mx\/?p=113687"},"modified":"2023-07-14T15:06:16","modified_gmt":"2023-07-14T20:06:16","slug":"adios-vaquero-furch-deja-al-atlas-para-jugar-en-brasil","status":"publish","type":"post","link":"https:\/\/nvnoticias.mx\/index.php\/2023\/07\/14\/adios-vaquero-furch-deja-al-atlas-para-jugar-en-brasil\/","title":{"rendered":"\u00a1Adi\u00f3s, vaquero! Furch deja al Atlas para jugar en Brasil (VIDEO)"},"content":{"rendered":"\n<p>Julio Furch, ha dicho adi\u00f3s al futbol mexicano, jugar\u00e1 en Santos de Brasil.<\/p>\n\n\n\n<p>En\u00a0una conferencia de prensa, el delantero del Atlas dijo:\u00a0&#8220;Hay buenos y malos recuerdos en Atlas. Llegar con la lesi\u00f3n me marc\u00f3 en toda esta estancia. Sobreponerme y darle una gran alegr\u00eda a la afici\u00f3n, ese mismo a\u00f1o. Esos son los momentos m\u00e1s recordados para m\u00ed. Tambi\u00e9n la despedida de Juli\u00e1n que fue muy emotiva&#8221;.<\/p>\n\n\n\n<p>Agreg\u00f3:\u00a0&#8220;Con la palabra gracias me voy, en M\u00e9xico siempre me sent\u00ed muy querido. Agradecerles a cada uno de los que me brindo el apoyo. La gente siempre me ha hecho sentir muy bien, agradecerles por este cari\u00f1o&#8221;.<\/p>\n\n\n\n<iframe loading=\"lazy\" src=\"https:\/\/www.facebook.com\/plugins\/video.php?height=314&#038;href=https%3A%2F%2Fwww.facebook.com%2FAZTECAJALISCO%2Fvideos%2F149186671526654%2F&#038;show_text=false&#038;width=560&#038;t=0\" width=\"560\" height=\"314\" style=\"border:none;overflow:hidden\" scrolling=\"no\" frameborder=\"0\" allowfullscreen=\"true\" allow=\"autoplay; clipboard-write; encrypted-media; picture-in-picture; web-share\" allowFullScreen=\"true\"><\/iframe>\n","protected":false},"excerpt":{"rendered":"<p>Julio Furch, ha dicho adi\u00f3s al futbol mexicano, jugar\u00e1 en Santos de Brasil. En\u00a0una conferencia de prensa, el delantero del Atlas dijo:\u00a0&#8220;Hay buenos y malos recuerdos en Atlas. Llegar con la lesi\u00f3n me marc\u00f3 en toda esta estancia. Sobreponerme y darle una gran alegr\u00eda a la afici\u00f3n, ese mismo a\u00f1o. Esos son los momentos m\u00e1s [&hellip;]<\/p>\n","protected":false},"author":8,"featured_media":113690,"comment_status":"open","ping_status":"open","sticky":false,"template":"","format":"standard","meta":{"_monsterinsights_skip_tracking":false,"_monsterinsights_sitenote_active":false,"_monsterinsights_sitenote_note":"","_monsterinsights_sitenote_category":0,"footnotes":""},"categories":[159],"tags":[1647,13166,917,1529],"class_list":["post-113687","post","type-post","status-publish","format-standard","has-post-thumbnail","hentry","category-deportes","tag-atlas","tag-julio-furch","tag-liga-mx","tag-santos","wp-image-borders"],"amp_enabled":true,"_links":{"self":[{"href":"https:\/\/nvnoticias.mx\/index.php\/wp-json\/wp\/v2\/posts\/113687","targetHints":{"allow":["GET"]}}],"collection":[{"href":"https:\/\/nvnoticias.mx\/index.php\/wp-json\/wp\/v2\/posts"}],"about":[{"href":"https:\/\/nvnoticias.mx\/index.php\/wp-json\/wp\/v2\/types\/post"}],"author":[{"embeddable":true,"href":"https:\/\/nvnoticias.mx\/index.php\/wp-json\/wp\/v2\/users\/8"}],"replies":[{"embeddable":true,"href":"https:\/\/nvnoticias.mx\/index.php\/wp-json\/wp\/v2\/comments?post=113687"}],"version-history":[{"count":2,"href":"https:\/\/nvnoticias.mx\/index.php\/wp-json\/wp\/v2\/posts\/113687\/revisions"}],"predecessor-version":[{"id":113693,"href":"https:\/\/nvnoticias.mx\/index.php\/wp-json\/wp\/v2\/posts\/113687\/revisions\/113693"}],"wp:featuredmedia":[{"embeddable":true,"href":"https:\/\/nvnoticias.mx\/index.php\/wp-json\/wp\/v2\/media\/113690"}],"wp:attachment":[{"href":"https:\/\/nvnoticias.mx\/index.php\/wp-json\/wp\/v2\/media?parent=113687"}],"wp:term":[{"taxonomy":"category","embeddable":true,"href":"https:\/\/nvnoticias.mx\/index.php\/wp-json\/wp\/v2\/categories?post=113687"},{"taxonomy":"post_tag","embeddable":true,"href":"https:\/\/nvnoticias.mx\/index.php\/wp-json\/wp\/v2\/tags?post=113687"}],"curies":[{"name":"wp","href":"https:\/\/api.w.org\/{rel}","templated":true}]}}