{"id":11368,"date":"2021-04-19T21:26:42","date_gmt":"2021-04-20T02:26:42","guid":{"rendered":"https:\/\/nvnoticias.mx\/?p=11368"},"modified":"2021-04-19T21:27:49","modified_gmt":"2021-04-20T02:27:49","slug":"protestan-medicos-imss-bienestar-pidiendo-tomados-cuenta-vacunacion","status":"publish","type":"post","link":"https:\/\/nvnoticias.mx\/index.php\/2021\/04\/19\/protestan-medicos-imss-bienestar-pidiendo-tomados-cuenta-vacunacion\/","title":{"rendered":"Protestan m\u00e9dicos de IMSS Bienestar pidiendo ser tomados en cuenta para vacunaci\u00f3n contra Covid-19"},"content":{"rendered":"\n<p>M\u00e9dicos provenientes de hospitales IMSS BIENESTAR de comunidades rurales adscritos a la Jurisdicci\u00f3n Sanitaria n\u00famero XI en Coatzacoalcos, protestaron este lunes para pedir a las autoridades sean tomados en cuenta y sean vacunados contra el Coronavirus.<\/p>\n\n\n\n<p>Los galenos reci\u00e9n egresados de diversas universidades, realizan sus labores en comunidades rurales de municipios como: Playa Vicente, Las Choapas, Ixhuatl\u00e1n, Rodr\u00edguez Clara, Isla, Hidalgotitl\u00e1n, entre otras.<\/p>\n\n\n\n<p>Destacaron que est\u00e1n adscritos adem\u00e1s a la Unidad M\u00e9dico Familiar (UMF) de J\u00e1ltipan y aunque son el primer contacto con pacientes de su respectiva zona, no han sido beneficiados con las vacunas anti covid-19.<\/p>\n\n\n\n<blockquote class=\"wp-block-quote is-layout-flow wp-block-quote-is-layout-flow\"><p><em>\u201cHemos tenido en nuestra zona dos defunciones, m\u00e9dicos, jefes de zona, hace dos meses falleci\u00f3 un compa\u00f1ero, otro de nuestra generaci\u00f3n de m\u00e9dicos pasantes estuvo internado muy grave en la ciudad de Veracruz\u201d<\/em>, dijo Siomara Fern\u00e1ndez, una de las afectadas.<\/p><\/blockquote>\n\n\n\n<p>Los denunciantes aclararon que no est\u00e1n en contra de que el magisterio se vacune, pero a\u00f1adieron que debe hacer una coordinaci\u00f3n y no se debe empezar con otro gremio si a\u00fan no se concluye con los m\u00e9dicos.<\/p>\n\n\n\n<blockquote class=\"wp-block-quote is-layout-flow wp-block-quote-is-layout-flow\"><p><em>\u201cNo hemos sido contemplados, no nos dan fechas, por eso vinimos, somos pocos aqu\u00ed, pero en realidad somo m\u00e1s de 60 pasantes, estamos conscientes, pero nosotros tambi\u00e9n trabajamos y desde que comenz\u00f3 la pandemia nosotros no hemos cerrado nuestras cl\u00ednicas, somos el primer contacto, cuando un paciente se siente mal va a nuestras unidades y nosotros derivamos a hospitales m\u00e1s grandes. No somos primera l\u00ednea, pero s\u00ed primer contacto\u201d<\/em>, finaliz\u00f3.<\/p><\/blockquote>\n","protected":false},"excerpt":{"rendered":"<p>M\u00e9dicos provenientes de hospitales IMSS BIENESTAR de comunidades rurales adscritos a la Jurisdicci\u00f3n Sanitaria n\u00famero XI en Coatzacoalcos, protestaron este lunes para pedir a las autoridades sean tomados en cuenta y sean vacunados contra el Coronavirus. Los galenos reci\u00e9n egresados de diversas universidades, realizan sus labores en comunidades rurales de municipios como: Playa Vicente, Las [&hellip;]<\/p>\n","protected":false},"author":7,"featured_media":11369,"comment_status":"open","ping_status":"open","sticky":false,"template":"","format":"standard","meta":{"_monsterinsights_skip_tracking":false,"_monsterinsights_sitenote_active":false,"_monsterinsights_sitenote_note":"","_monsterinsights_sitenote_category":0,"footnotes":""},"categories":[156],"tags":[175,3118,317,809],"class_list":["post-11368","post","type-post","status-publish","format-standard","has-post-thumbnail","hentry","category-estado","tag-covid-19","tag-imss-bienestar","tag-medicos","tag-vacunacion","wp-image-borders"],"amp_enabled":true,"_links":{"self":[{"href":"https:\/\/nvnoticias.mx\/index.php\/wp-json\/wp\/v2\/posts\/11368","targetHints":{"allow":["GET"]}}],"collection":[{"href":"https:\/\/nvnoticias.mx\/index.php\/wp-json\/wp\/v2\/posts"}],"about":[{"href":"https:\/\/nvnoticias.mx\/index.php\/wp-json\/wp\/v2\/types\/post"}],"author":[{"embeddable":true,"href":"https:\/\/nvnoticias.mx\/index.php\/wp-json\/wp\/v2\/users\/7"}],"replies":[{"embeddable":true,"href":"https:\/\/nvnoticias.mx\/index.php\/wp-json\/wp\/v2\/comments?post=11368"}],"version-history":[{"count":1,"href":"https:\/\/nvnoticias.mx\/index.php\/wp-json\/wp\/v2\/posts\/11368\/revisions"}],"predecessor-version":[{"id":11370,"href":"https:\/\/nvnoticias.mx\/index.php\/wp-json\/wp\/v2\/posts\/11368\/revisions\/11370"}],"wp:featuredmedia":[{"embeddable":true,"href":"https:\/\/nvnoticias.mx\/index.php\/wp-json\/wp\/v2\/media\/11369"}],"wp:attachment":[{"href":"https:\/\/nvnoticias.mx\/index.php\/wp-json\/wp\/v2\/media?parent=11368"}],"wp:term":[{"taxonomy":"category","embeddable":true,"href":"https:\/\/nvnoticias.mx\/index.php\/wp-json\/wp\/v2\/categories?post=11368"},{"taxonomy":"post_tag","embeddable":true,"href":"https:\/\/nvnoticias.mx\/index.php\/wp-json\/wp\/v2\/tags?post=11368"}],"curies":[{"name":"wp","href":"https:\/\/api.w.org\/{rel}","templated":true}]}}