{"id":113665,"date":"2023-07-14T13:04:54","date_gmt":"2023-07-14T18:04:54","guid":{"rendered":"https:\/\/nvnoticias.mx\/?p=113665"},"modified":"2023-07-14T13:04:55","modified_gmt":"2023-07-14T18:04:55","slug":"se-van-a-revisar-elevadores-en-el-imss-amlo","status":"publish","type":"post","link":"https:\/\/nvnoticias.mx\/index.php\/2023\/07\/14\/se-van-a-revisar-elevadores-en-el-imss-amlo\/","title":{"rendered":"Se van a revisar elevadores en el IMSS: AMLO"},"content":{"rendered":"\n<p>El presidente\u00a0Andr\u00e9s Manuel L\u00f3pez Obrador\u00a0asegur\u00f3 que se va a r<strong>evisar todo lo relacionado a la operaci\u00f3n y mantenimiento de los elevadores<\/strong>\u00a0que tiene el Seguro Social.<\/p>\n\n\n\n<p>En\u00a0La Ma\u00f1anera\u00a0que encabez\u00f3 desde Baja California Sur, el jefe del Ejecutivo asegur\u00f3 que en el transcurso del d\u00eda\u00a0<strong>se va a emitir un comunicado para detallar la informaci\u00f3n.<\/strong><\/p>\n\n\n\n<blockquote class=\"wp-block-quote is-layout-flow wp-block-quote-is-layout-flow\"><p>&#8220;Hoy inform\u00f3 Zo\u00e9 Robledo en la reuni\u00f3n de seguridad sobre este lamentable caso. Terminando esta conferencia se va a presentar un informe a trav\u00e9s de Comunicaci\u00f3n Social sobre este asunto&#8221;, dijo.<\/p><\/blockquote>\n\n\n\n<p><strong>\u2014\u00bfSe est\u00e1 revisando este tema de los elevadores?<\/strong><\/p>\n\n\n\n<blockquote class=\"wp-block-quote is-layout-flow wp-block-quote-is-layout-flow\"><p>&#8220;S\u00ed, s\u00ed, les van a informar sobre todo lo que tiene que ver con este caso lamentable&#8221;, agreg\u00f3.<\/p><\/blockquote>\n\n\n\n<p>El lunes pasado,&nbsp;<strong>una menor de edad muri\u00f3 prensada por las puertas de un elevador<\/strong>&nbsp;tras una falla mec\u00e1nica del mismo en el Hospital General de Zona #18 del Instituto Mexicano del Seguro Social (IMSS) en Playa del Carmen.<\/p>\n\n\n\n<p>Personal del IMSS relat\u00f3 bajo anonimato que el elevador se activ\u00f3 cuando camilleros ingresaban al elevador.\u00a0<strong>Lamentablemente la camilla qued\u00f3 a la mitad<\/strong>\u00a0y provoc\u00f3 que el cuerpo de la menor quedar\u00e1 prensado.<\/p>\n\n\n\n<p>Fuente: Milenio<\/p>\n","protected":false},"excerpt":{"rendered":"<p>El presidente\u00a0Andr\u00e9s Manuel L\u00f3pez Obrador\u00a0asegur\u00f3 que se va a revisar todo lo relacionado a la operaci\u00f3n y mantenimiento de los elevadores\u00a0que tiene el Seguro Social. En\u00a0La Ma\u00f1anera\u00a0que encabez\u00f3 desde Baja California Sur, el jefe del Ejecutivo asegur\u00f3 que en el transcurso del d\u00eda\u00a0se va a emitir un comunicado para detallar la informaci\u00f3n. &#8220;Hoy inform\u00f3 Zo\u00e9 [&hellip;]<\/p>\n","protected":false},"author":35,"featured_media":78537,"comment_status":"open","ping_status":"open","sticky":false,"template":"","format":"standard","meta":{"_monsterinsights_skip_tracking":false,"_monsterinsights_sitenote_active":false,"_monsterinsights_sitenote_note":"","_monsterinsights_sitenote_category":0,"footnotes":""},"categories":[157],"tags":[188,26280,365,17730],"class_list":["post-113665","post","type-post","status-publish","format-standard","has-post-thumbnail","hentry","category-nacional","tag-amlo","tag-elevadores","tag-imss","tag-revisar","wp-image-borders"],"amp_enabled":true,"_links":{"self":[{"href":"https:\/\/nvnoticias.mx\/index.php\/wp-json\/wp\/v2\/posts\/113665","targetHints":{"allow":["GET"]}}],"collection":[{"href":"https:\/\/nvnoticias.mx\/index.php\/wp-json\/wp\/v2\/posts"}],"about":[{"href":"https:\/\/nvnoticias.mx\/index.php\/wp-json\/wp\/v2\/types\/post"}],"author":[{"embeddable":true,"href":"https:\/\/nvnoticias.mx\/index.php\/wp-json\/wp\/v2\/users\/35"}],"replies":[{"embeddable":true,"href":"https:\/\/nvnoticias.mx\/index.php\/wp-json\/wp\/v2\/comments?post=113665"}],"version-history":[{"count":2,"href":"https:\/\/nvnoticias.mx\/index.php\/wp-json\/wp\/v2\/posts\/113665\/revisions"}],"predecessor-version":[{"id":113667,"href":"https:\/\/nvnoticias.mx\/index.php\/wp-json\/wp\/v2\/posts\/113665\/revisions\/113667"}],"wp:featuredmedia":[{"embeddable":true,"href":"https:\/\/nvnoticias.mx\/index.php\/wp-json\/wp\/v2\/media\/78537"}],"wp:attachment":[{"href":"https:\/\/nvnoticias.mx\/index.php\/wp-json\/wp\/v2\/media?parent=113665"}],"wp:term":[{"taxonomy":"category","embeddable":true,"href":"https:\/\/nvnoticias.mx\/index.php\/wp-json\/wp\/v2\/categories?post=113665"},{"taxonomy":"post_tag","embeddable":true,"href":"https:\/\/nvnoticias.mx\/index.php\/wp-json\/wp\/v2\/tags?post=113665"}],"curies":[{"name":"wp","href":"https:\/\/api.w.org\/{rel}","templated":true}]}}