{"id":113657,"date":"2023-07-14T12:10:24","date_gmt":"2023-07-14T17:10:24","guid":{"rendered":"https:\/\/nvnoticias.mx\/?p=113657"},"modified":"2023-07-14T12:10:24","modified_gmt":"2023-07-14T17:10:24","slug":"el-cbtis-79-busca-reducir-la-desercion-escolar","status":"publish","type":"post","link":"https:\/\/nvnoticias.mx\/index.php\/2023\/07\/14\/el-cbtis-79-busca-reducir-la-desercion-escolar\/","title":{"rendered":"El CBTIS 79 busca reducir la deserci\u00f3n escolar"},"content":{"rendered":"\n<p><strong>Jes\u00fas Utrilla \/ NV Noticias<\/strong><\/p>\n\n\n\n<p>El CBTIS 79 ubicado en la zona conurbada Veracruz- Boca del R\u00edo tiene una deserci\u00f3n escolar de 25 por ciento, pues la eficiencia terminal es de 75 por ciento, inform\u00f3 Ver\u00f3nica Fierro, directora del plantel.<\/p>\n\n\n\n<p>Afirm\u00f3 que contin\u00faan implementando habilidades socio-emocionales para que contin\u00faen sus estudios ya que muchas veces no abandonan las aulas por falta de recursos sino de inter\u00e9s.<\/p>\n\n\n\n<p>Se\u00f1al\u00f3 que el compromiso es formar a los alumnos en bachillerato t\u00e9cnico y para ello ofrecen siete especialidades: Recursos Humanos; Contabilidad; Log\u00edstica; Programaci\u00f3n; Alimentos y Bebidas, Ofim\u00e1tica y Servicio de Hospedaje.<\/p>\n\n\n\n<blockquote class=\"wp-block-quote is-layout-flow wp-block-quote-is-layout-flow\"><p>\u201c<em>Estamos muy contentos con los logros que han obtenido nuestros alumnos porque han sobresalido en el \u00e1mbito acad\u00e9mico y seguimos trabajando por ellos<\/em>\u201d.<\/p><\/blockquote>\n\n\n\n<p>Adem\u00e1s, ofrecer\u00e1n talleres como danza y teatro adem\u00e1s se cre\u00f3 la banda de guerra. Se graduaron 823 j\u00f3venes de 10 grupos del turno matutino y 10 del vespertino. Para el nuevo ciclo escolar se ofertar\u00e1n mil 100 lugares.<\/p>\n\n\n\n<p>La directora reconoci\u00f3 el esfuerzo de los padres de familia por impulsar la formaci\u00f3n de sus hijos. Record\u00f3 que recientemente se graduaron 823 j\u00f3venes del CBTIS 79, de la generaci\u00f3n 2020-2023. La ceremonia se llev\u00f3 a cabo en el World Trade Center de Boca del R\u00edo.\u00a0<\/p>\n\n\n\n<p>Dijo que los muchachos se encuentran en un momento clave de su vida para seguirse renovando. Dijo que est\u00e1 segura de que seguir\u00e1n prepar\u00e1ndose y que aportar\u00e1n a la sociedad.<\/p>\n\n\n\n<blockquote class=\"wp-block-quote is-layout-flow wp-block-quote-is-layout-flow\"><p>\u201c<em>Los j\u00f3venes concluyeron satisfactoriamente su bachillerato, aunque tuvimos una deserci\u00f3n escolar de 25 por ciento y la eficiencia terminal fue de 75 por ciento<\/em>\u201d.\u00a0<\/p><\/blockquote>\n\n\n\n<p>Se dijo satisfecha con la graduaci\u00f3n de los alumnos.<\/p>\n","protected":false},"excerpt":{"rendered":"<p>Jes\u00fas Utrilla \/ NV Noticias El CBTIS 79 ubicado en la zona conurbada Veracruz- Boca del R\u00edo tiene una deserci\u00f3n escolar de 25 por ciento, pues la eficiencia terminal es de 75 por ciento, inform\u00f3 Ver\u00f3nica Fierro, directora del plantel. Afirm\u00f3 que contin\u00faan implementando habilidades socio-emocionales para que contin\u00faen sus estudios ya que muchas veces [&hellip;]<\/p>\n","protected":false},"author":8,"featured_media":113658,"comment_status":"open","ping_status":"open","sticky":false,"template":"","format":"standard","meta":{"_monsterinsights_skip_tracking":false,"_monsterinsights_sitenote_active":false,"_monsterinsights_sitenote_note":"","_monsterinsights_sitenote_category":0,"footnotes":""},"categories":[154],"tags":[26019,2780],"class_list":["post-113657","post","type-post","status-publish","format-standard","has-post-thumbnail","hentry","category-veracruz","tag-cbtis-79","tag-desercion-escolar","wp-image-borders"],"amp_enabled":true,"_links":{"self":[{"href":"https:\/\/nvnoticias.mx\/index.php\/wp-json\/wp\/v2\/posts\/113657","targetHints":{"allow":["GET"]}}],"collection":[{"href":"https:\/\/nvnoticias.mx\/index.php\/wp-json\/wp\/v2\/posts"}],"about":[{"href":"https:\/\/nvnoticias.mx\/index.php\/wp-json\/wp\/v2\/types\/post"}],"author":[{"embeddable":true,"href":"https:\/\/nvnoticias.mx\/index.php\/wp-json\/wp\/v2\/users\/8"}],"replies":[{"embeddable":true,"href":"https:\/\/nvnoticias.mx\/index.php\/wp-json\/wp\/v2\/comments?post=113657"}],"version-history":[{"count":1,"href":"https:\/\/nvnoticias.mx\/index.php\/wp-json\/wp\/v2\/posts\/113657\/revisions"}],"predecessor-version":[{"id":113659,"href":"https:\/\/nvnoticias.mx\/index.php\/wp-json\/wp\/v2\/posts\/113657\/revisions\/113659"}],"wp:featuredmedia":[{"embeddable":true,"href":"https:\/\/nvnoticias.mx\/index.php\/wp-json\/wp\/v2\/media\/113658"}],"wp:attachment":[{"href":"https:\/\/nvnoticias.mx\/index.php\/wp-json\/wp\/v2\/media?parent=113657"}],"wp:term":[{"taxonomy":"category","embeddable":true,"href":"https:\/\/nvnoticias.mx\/index.php\/wp-json\/wp\/v2\/categories?post=113657"},{"taxonomy":"post_tag","embeddable":true,"href":"https:\/\/nvnoticias.mx\/index.php\/wp-json\/wp\/v2\/tags?post=113657"}],"curies":[{"name":"wp","href":"https:\/\/api.w.org\/{rel}","templated":true}]}}