{"id":113655,"date":"2023-07-14T11:42:48","date_gmt":"2023-07-14T16:42:48","guid":{"rendered":"https:\/\/nvnoticias.mx\/?p=113655"},"modified":"2023-07-14T11:42:49","modified_gmt":"2023-07-14T16:42:49","slug":"cerraron-40-escuelas-particulares-en-veracruz","status":"publish","type":"post","link":"https:\/\/nvnoticias.mx\/index.php\/2023\/07\/14\/cerraron-40-escuelas-particulares-en-veracruz\/","title":{"rendered":"Cerraron 40 escuelas particulares en Veracruz"},"content":{"rendered":"\n<p><strong>Jes\u00fas Utrilla \/ NV Noticias<\/strong><\/p>\n\n\n\n<p>La matr\u00edcula de escuelas particulares en Veracruz experiment\u00f3 un descenso significativo, con una reducci\u00f3n de 30 mil estudiantes y el cierre de 40 planteles. Seg\u00fan el presidente de la Asociaci\u00f3n Estatal de Instituciones Educativas Particulares (AEIEP), Antonio Alarc\u00f3n Camarillo, la cifra de alumnos matriculados en planteles privados baj\u00f3 de 250 mil a 220 mil personas.<\/p>\n\n\n\n<p>Esta disminuci\u00f3n se atribuye a la par\u00e1lisis econ\u00f3mica que ha afectado a Veracruz, lo que ha llevado a que padres y madres trasladen a sus hijos de escuelas particulares a instituciones p\u00fablicas en los niveles de preescolar, primaria y secundaria.<\/p>\n\n\n\n<p>Alarc\u00f3n Camarillo aclar\u00f3 que la intenci\u00f3n es recuperar la matr\u00edcula previa a la pandemia, con un objetivo estimado de 250 mil alumnos en escuelas privadas en el Estado de Veracruz. Sin embargo, reconoce que actualmente la matr\u00edcula se sit\u00faa en 220 mil estudiantes en todos los niveles.<\/p>\n\n\n\n<p>La Secretar\u00eda de Educaci\u00f3n de Veracruz (SEV) comparti\u00f3 estad\u00edsticas que respaldan esta tendencia, revelando que la mayor p\u00e9rdida de matr\u00edcula se ha producido en los preescolares, e incluso se ha registrado el cierre de varias escuelas de este nivel. En cambio, la disminuci\u00f3n en el nivel de primaria fue menor.<\/p>\n\n\n\n<p>Las proyecciones de Alarc\u00f3n Camarillo indicaron que para el ciclo escolar 2023-2024, se espera que las escuelas particulares logren alcanzar una matr\u00edcula de 230 mil estudiantes en todos los niveles, y para el periodo 2024-2025, se acerquen cada vez m\u00e1s a los 250 mil.<\/p>\n\n\n\n<p>Estas cifras representan aproximadamente el 10 por ciento del total de estudiantes atendidos en las escuelas del Estado de Veracruz, que suma un total de 2 millones 50 mil alumnos.<\/p>\n\n\n\n<p>El presidente de la AEIEP tambi\u00e9n dijo a diferencia de a\u00f1os anteriores, las escuelas particulares est\u00e1n invirtiendo no solo en docentes, sino tambi\u00e9n en incrementar sus activos tecnol\u00f3gicos.<\/p>\n","protected":false},"excerpt":{"rendered":"<p>Jes\u00fas Utrilla \/ NV Noticias La matr\u00edcula de escuelas particulares en Veracruz experiment\u00f3 un descenso significativo, con una reducci\u00f3n de 30 mil estudiantes y el cierre de 40 planteles. Seg\u00fan el presidente de la Asociaci\u00f3n Estatal de Instituciones Educativas Particulares (AEIEP), Antonio Alarc\u00f3n Camarillo, la cifra de alumnos matriculados en planteles privados baj\u00f3 de 250 [&hellip;]<\/p>\n","protected":false},"author":8,"featured_media":6667,"comment_status":"open","ping_status":"open","sticky":false,"template":"","format":"standard","meta":{"_monsterinsights_skip_tracking":false,"_monsterinsights_sitenote_active":false,"_monsterinsights_sitenote_note":"","_monsterinsights_sitenote_category":0,"footnotes":""},"categories":[154],"tags":[1631,180],"class_list":["post-113655","post","type-post","status-publish","format-standard","has-post-thumbnail","hentry","category-veracruz","tag-escuelas-privadas","tag-veracruz","wp-image-borders"],"amp_enabled":true,"_links":{"self":[{"href":"https:\/\/nvnoticias.mx\/index.php\/wp-json\/wp\/v2\/posts\/113655","targetHints":{"allow":["GET"]}}],"collection":[{"href":"https:\/\/nvnoticias.mx\/index.php\/wp-json\/wp\/v2\/posts"}],"about":[{"href":"https:\/\/nvnoticias.mx\/index.php\/wp-json\/wp\/v2\/types\/post"}],"author":[{"embeddable":true,"href":"https:\/\/nvnoticias.mx\/index.php\/wp-json\/wp\/v2\/users\/8"}],"replies":[{"embeddable":true,"href":"https:\/\/nvnoticias.mx\/index.php\/wp-json\/wp\/v2\/comments?post=113655"}],"version-history":[{"count":1,"href":"https:\/\/nvnoticias.mx\/index.php\/wp-json\/wp\/v2\/posts\/113655\/revisions"}],"predecessor-version":[{"id":113656,"href":"https:\/\/nvnoticias.mx\/index.php\/wp-json\/wp\/v2\/posts\/113655\/revisions\/113656"}],"wp:featuredmedia":[{"embeddable":true,"href":"https:\/\/nvnoticias.mx\/index.php\/wp-json\/wp\/v2\/media\/6667"}],"wp:attachment":[{"href":"https:\/\/nvnoticias.mx\/index.php\/wp-json\/wp\/v2\/media?parent=113655"}],"wp:term":[{"taxonomy":"category","embeddable":true,"href":"https:\/\/nvnoticias.mx\/index.php\/wp-json\/wp\/v2\/categories?post=113655"},{"taxonomy":"post_tag","embeddable":true,"href":"https:\/\/nvnoticias.mx\/index.php\/wp-json\/wp\/v2\/tags?post=113655"}],"curies":[{"name":"wp","href":"https:\/\/api.w.org\/{rel}","templated":true}]}}