{"id":113636,"date":"2023-07-14T11:11:33","date_gmt":"2023-07-14T16:11:33","guid":{"rendered":"https:\/\/nvnoticias.mx\/?p=113636"},"modified":"2023-07-14T11:11:34","modified_gmt":"2023-07-14T16:11:34","slug":"definira-movimiento-ciudadano-si-va-en-alianza-en-eleccion-de-2024","status":"publish","type":"post","link":"https:\/\/nvnoticias.mx\/index.php\/2023\/07\/14\/definira-movimiento-ciudadano-si-va-en-alianza-en-eleccion-de-2024\/","title":{"rendered":"Definir\u00e1 Movimiento Ciudadano si va en alianza en elecci\u00f3n de 2024"},"content":{"rendered":"\n<p>El Consejo Nacional de Movimiento Ciudadano&nbsp;definir\u00e1 este viernes si ir\u00e1 o no en alianza al 2024, as\u00ed como&nbsp;<strong>su m\u00e9todo de selecci\u00f3n de candidato y las reglas del proceso interno.&nbsp;<\/strong><\/p>\n\n\n\n<p>Hoy se ver\u00e1 qu\u00e9 tanto se escuchan las voces al interior del partido que piden abrir el di\u00e1logo e ir en coalici\u00f3n.<\/p>\n\n\n\n<p><strong>La voz de su l\u00edder Dante Delgado fue contradicha en varias ocasiones<\/strong>, principalmente por el emecismo de Jalisco, en particular el gobernador Enrique Alfaro, quien no asistir\u00e1 hoy a la sesi\u00f3n y qui\u00e9n pretende sucederlo, el coordinador en el Senado, Clemente Casta\u00f1eda, abri\u00f3 la puerta al PAN, PRI y PRD si X\u00f3chitl G\u00e1lvez resulta ser su candidata.&nbsp;<\/p>\n\n\n\n<p>Eso provoc\u00f3 la respuesta inmediata de Delgado en rechazo a la alianza e incluso&nbsp;autodestap\u00e1ndose como posible candidato presidencial.<\/p>\n\n\n\n<p><strong>Samuel Garc\u00eda, gobernador de Nuevo Le\u00f3n<\/strong>, respald\u00f3 la postura de su dirigente nacional al llamar \u201cenemigos\u201d a la oposici\u00f3n, adem\u00e1s acus\u00f3 que en su estado \u201cno se cansan de corromper y estar llenos de transas\u201d.<\/p>\n\n\n\n<p>En contraste con la posici\u00f3n de Enrique Alfaro, quien descart\u00f3 participar por la candidatura presidencial de Movimiento Ciudadano y critic\u00f3 la posici\u00f3n de Dante Delgado de \u201caislamiento y falta de di\u00e1logo\u201d.<\/p>\n\n\n\n<p>Dante Delgado mencion\u00f3 su propio nombre entre los cinco\u00a0<em>gallos\u00a0<\/em>de Movimiento Ciudadano\u00a0para la candidatura presidencial, incluyendo a su coordinador en la C\u00e1mara de Diputados, Jorge \u00c1lvarez M\u00e1ynez; la senadora Patricia Mercado \u2014quien ya fue candidata presidencial en 2006\u2014;\u00a0 Samuel Garc\u00eda y el alcalde de Monterrey, Luis Donaldo Colosio.<\/p>\n\n\n\n<blockquote class=\"wp-block-quote is-layout-flow wp-block-quote-is-layout-flow\"><p>&#8220;En caso necesario, Movimiento Ciudadano no se queda sin candidatura, y en dado caso, estoy yo mismo. Espero no ser el candidato para que le toque a una nueva generaci\u00f3n vigorosa y que gane la candidatura\u201d, asever\u00f3.<\/p><\/blockquote>\n\n\n\n<p>Luis Donaldo Colosio puntualiz\u00f3 que al Frente Amplio por M\u00e9xico le sobre el PRI y le falta Movimiento Ciudadano, aunque afirm\u00f3 que la \u00faltima palabra no recae en \u00e9l y esperar\u00e1 los tiempos electorales para definir su futuro pol\u00edtico; mientras Samuel Garc\u00eda se volvi\u00f3 a posicionar y recomend\u00f3 a todos en MC \u201cponerse a jalar\u201d, incluyendo a Dante Delgado.<\/p>\n\n\n\n<p>Fuente: <a href=\"https:\/\/www.milenio.com\/politica\/elecciones\/movimiento-ciudadano-definira-si-va-en-alianza-para-2024\" data-type=\"URL\" data-id=\"https:\/\/www.milenio.com\/politica\/elecciones\/movimiento-ciudadano-definira-si-va-en-alianza-para-2024\">Milenio<\/a> <\/p>\n","protected":false},"excerpt":{"rendered":"<p>El Consejo Nacional de Movimiento Ciudadano&nbsp;definir\u00e1 este viernes si ir\u00e1 o no en alianza al 2024, as\u00ed como&nbsp;su m\u00e9todo de selecci\u00f3n de candidato y las reglas del proceso interno.&nbsp; Hoy se ver\u00e1 qu\u00e9 tanto se escuchan las voces al interior del partido que piden abrir el di\u00e1logo e ir en coalici\u00f3n. La voz de su [&hellip;]<\/p>\n","protected":false},"author":35,"featured_media":27853,"comment_status":"open","ping_status":"open","sticky":false,"template":"","format":"standard","meta":{"_monsterinsights_skip_tracking":false,"_monsterinsights_sitenote_active":false,"_monsterinsights_sitenote_note":"","_monsterinsights_sitenote_category":0,"footnotes":""},"categories":[158],"tags":[323,21275,3583,687],"class_list":["post-113636","post","type-post","status-publish","format-standard","has-post-thumbnail","hentry","category-politica","tag-alianza","tag-definira","tag-eleccion","tag-movimiento-ciudadano","wp-image-borders"],"amp_enabled":true,"_links":{"self":[{"href":"https:\/\/nvnoticias.mx\/index.php\/wp-json\/wp\/v2\/posts\/113636","targetHints":{"allow":["GET"]}}],"collection":[{"href":"https:\/\/nvnoticias.mx\/index.php\/wp-json\/wp\/v2\/posts"}],"about":[{"href":"https:\/\/nvnoticias.mx\/index.php\/wp-json\/wp\/v2\/types\/post"}],"author":[{"embeddable":true,"href":"https:\/\/nvnoticias.mx\/index.php\/wp-json\/wp\/v2\/users\/35"}],"replies":[{"embeddable":true,"href":"https:\/\/nvnoticias.mx\/index.php\/wp-json\/wp\/v2\/comments?post=113636"}],"version-history":[{"count":6,"href":"https:\/\/nvnoticias.mx\/index.php\/wp-json\/wp\/v2\/posts\/113636\/revisions"}],"predecessor-version":[{"id":113642,"href":"https:\/\/nvnoticias.mx\/index.php\/wp-json\/wp\/v2\/posts\/113636\/revisions\/113642"}],"wp:featuredmedia":[{"embeddable":true,"href":"https:\/\/nvnoticias.mx\/index.php\/wp-json\/wp\/v2\/media\/27853"}],"wp:attachment":[{"href":"https:\/\/nvnoticias.mx\/index.php\/wp-json\/wp\/v2\/media?parent=113636"}],"wp:term":[{"taxonomy":"category","embeddable":true,"href":"https:\/\/nvnoticias.mx\/index.php\/wp-json\/wp\/v2\/categories?post=113636"},{"taxonomy":"post_tag","embeddable":true,"href":"https:\/\/nvnoticias.mx\/index.php\/wp-json\/wp\/v2\/tags?post=113636"}],"curies":[{"name":"wp","href":"https:\/\/api.w.org\/{rel}","templated":true}]}}