{"id":113611,"date":"2023-07-13T19:58:07","date_gmt":"2023-07-14T00:58:07","guid":{"rendered":"https:\/\/nvnoticias.mx\/?p=113611"},"modified":"2023-07-13T19:58:08","modified_gmt":"2023-07-14T00:58:08","slug":"checo-perez-hablo-sobre-su-supuesta-salida-de-red-bull","status":"publish","type":"post","link":"https:\/\/nvnoticias.mx\/index.php\/2023\/07\/13\/checo-perez-hablo-sobre-su-supuesta-salida-de-red-bull\/","title":{"rendered":"&#8216;Checo&#8217; P\u00e9rez habl\u00f3 sobre su supuesta salida de Red Bull"},"content":{"rendered":"\n<p>El piloto&nbsp;Sergio P\u00e9rez habl\u00f3 sobre los rumores que han trascendido en los \u00faltimos d\u00edas, que supuestamente la escuder\u00eda Red Bull estar\u00eda en busca del reemplazo del mexicano para la pr\u00f3xima temporada de F\u00f3rmula 1.<\/p>\n\n\n\n<p>Al respecto, &#8216;Checo&#8217; minimiz\u00f3 los rumores y se enfoca solo en vivir el presente, pues es consciente de que en el mundo del automovilismo siempre ha habido comentarios de esa \u00edndole.<\/p>\n\n\n\n<blockquote class=\"wp-block-quote is-layout-flow wp-block-quote-is-layout-flow\"><p>&#8220;<em>No podr\u00eda importarme menos, si soy honesto. Estando en la F\u00f3rmula 1 durante 13 a\u00f1os, lo he visto todo, pero no estoy preocupado por nada de eso. Estoy enfocado principalmente en encaminar mi temporada y asegurarme de seguir disfrutando de esto<\/em>&#8220;, dijo P\u00e9rez.<\/p><\/blockquote>\n\n\n\n<blockquote class=\"wp-block-quote is-layout-flow wp-block-quote-is-layout-flow\"><p>\u201c<em>Todo el equipo me respalda por completo y saben lo que puedo hacer, conocen mi potencial y me respaldan por completo<\/em>\u201d, a\u00f1adi\u00f3 sobre el tema.<\/p><\/blockquote>\n\n\n\n<p>Por el momento, Sergio P\u00e9rez tiene contrato vigente con Red Bull hasta 2024, pero una vez que culmine la actual campa\u00f1a se evaluar\u00e1 su desempe\u00f1o.<\/p>\n","protected":false},"excerpt":{"rendered":"<p>El piloto&nbsp;Sergio P\u00e9rez habl\u00f3 sobre los rumores que han trascendido en los \u00faltimos d\u00edas, que supuestamente la escuder\u00eda Red Bull estar\u00eda en busca del reemplazo del mexicano para la pr\u00f3xima temporada de F\u00f3rmula 1. Al respecto, &#8216;Checo&#8217; minimiz\u00f3 los rumores y se enfoca solo en vivir el presente, pues es consciente de que en el [&hellip;]<\/p>\n","protected":false},"author":8,"featured_media":72704,"comment_status":"open","ping_status":"open","sticky":false,"template":"","format":"standard","meta":{"_monsterinsights_skip_tracking":false,"_monsterinsights_sitenote_active":false,"_monsterinsights_sitenote_note":"","_monsterinsights_sitenote_category":0,"footnotes":""},"categories":[159],"tags":[2977,5828],"class_list":["post-113611","post","type-post","status-publish","format-standard","has-post-thumbnail","hentry","category-deportes","tag-checo-perez","tag-red-bull","wp-image-borders"],"amp_enabled":true,"_links":{"self":[{"href":"https:\/\/nvnoticias.mx\/index.php\/wp-json\/wp\/v2\/posts\/113611","targetHints":{"allow":["GET"]}}],"collection":[{"href":"https:\/\/nvnoticias.mx\/index.php\/wp-json\/wp\/v2\/posts"}],"about":[{"href":"https:\/\/nvnoticias.mx\/index.php\/wp-json\/wp\/v2\/types\/post"}],"author":[{"embeddable":true,"href":"https:\/\/nvnoticias.mx\/index.php\/wp-json\/wp\/v2\/users\/8"}],"replies":[{"embeddable":true,"href":"https:\/\/nvnoticias.mx\/index.php\/wp-json\/wp\/v2\/comments?post=113611"}],"version-history":[{"count":1,"href":"https:\/\/nvnoticias.mx\/index.php\/wp-json\/wp\/v2\/posts\/113611\/revisions"}],"predecessor-version":[{"id":113612,"href":"https:\/\/nvnoticias.mx\/index.php\/wp-json\/wp\/v2\/posts\/113611\/revisions\/113612"}],"wp:featuredmedia":[{"embeddable":true,"href":"https:\/\/nvnoticias.mx\/index.php\/wp-json\/wp\/v2\/media\/72704"}],"wp:attachment":[{"href":"https:\/\/nvnoticias.mx\/index.php\/wp-json\/wp\/v2\/media?parent=113611"}],"wp:term":[{"taxonomy":"category","embeddable":true,"href":"https:\/\/nvnoticias.mx\/index.php\/wp-json\/wp\/v2\/categories?post=113611"},{"taxonomy":"post_tag","embeddable":true,"href":"https:\/\/nvnoticias.mx\/index.php\/wp-json\/wp\/v2\/tags?post=113611"}],"curies":[{"name":"wp","href":"https:\/\/api.w.org\/{rel}","templated":true}]}}