{"id":113588,"date":"2023-07-13T15:16:35","date_gmt":"2023-07-13T20:16:35","guid":{"rendered":"https:\/\/nvnoticias.mx\/?p=113588"},"modified":"2023-07-13T15:16:36","modified_gmt":"2023-07-13T20:16:36","slug":"esto-recomiendan-los-psicologos-para-hablar-de-infancias-trans-e-identidad-de-genero","status":"publish","type":"post","link":"https:\/\/nvnoticias.mx\/index.php\/2023\/07\/13\/esto-recomiendan-los-psicologos-para-hablar-de-infancias-trans-e-identidad-de-genero\/","title":{"rendered":"Esto recomiendan los psic\u00f3logos para hablar de infancias trans e identidad de g\u00e9nero"},"content":{"rendered":"\n<p><strong>Jes\u00fas Utrilla \/ NV Noticias <\/strong><\/p>\n\n\n\n<p>Cuando no hay herramientas de conciencia, se debe brindar acompa\u00f1amiento al menor, sobre infancias trans e identidad de g\u00e9nero, se\u00f1al\u00f3 la psic\u00f3loga Paulina Kareger.<\/p>\n\n\n\n<p>Dijo que una vez formadas las herramientas se debe respaldar la decisi\u00f3n que se haya tomado.<\/p>\n\n\n\n<p>En el caso de los infantes cit\u00f3 de ejemplo la compra de juguetes y algunas otras circunstancias en las que se puede acompa\u00f1ar a los ni\u00f1os para que puedan determinar sobre el tema.<\/p>\n\n\n\n<blockquote class=\"wp-block-quote is-layout-flow wp-block-quote-is-layout-flow\"><p>\u201cSiempre est\u00e1 la pregunta de qu\u00e9 hacer si mi hijo o hija me pide que le compre una mu\u00f1eca, un mu\u00f1eco que se recomienda ense\u00f1arle a tomar la decisi\u00f3n en lo que se generan las herramientas de conciencia\u201d.<\/p><\/blockquote>\n\n\n\n<p>Por otro lado, admiti\u00f3 que se avanza temas de inclusi\u00f3n en la comunidad LGBT, sin embargo, hace falta trabajar m\u00e1s desde los gobiernos y desde la propia sociedad.<\/p>\n\n\n\n<p>Agreg\u00f3 que se necesita lograr una verdadera incursi\u00f3n de la comunidad LGBT y garantizar sus derechos.<\/p>\n\n\n\n<p>Pese a ello a su parecer se avanza en dichos temas pero hace falta sumar voluntades para avanzar m\u00e1s.<\/p>\n\n\n\n<p>Paulina Kareger participa en la Semana de la Diversidad organizada y convocada por el Comit\u00e9 de la XII Marcha LGBTQ+ Veracruz\/Boca del R\u00edo.<\/p>\n\n\n\n<p><\/p>\n","protected":false},"excerpt":{"rendered":"<p>Jes\u00fas Utrilla \/ NV Noticias Cuando no hay herramientas de conciencia, se debe brindar acompa\u00f1amiento al menor, sobre infancias trans e identidad de g\u00e9nero, se\u00f1al\u00f3 la psic\u00f3loga Paulina Kareger. Dijo que una vez formadas las herramientas se debe respaldar la decisi\u00f3n que se haya tomado. En el caso de los infantes cit\u00f3 de ejemplo la [&hellip;]<\/p>\n","protected":false},"author":8,"featured_media":51353,"comment_status":"open","ping_status":"open","sticky":false,"template":"","format":"standard","meta":{"_monsterinsights_skip_tracking":false,"_monsterinsights_sitenote_active":false,"_monsterinsights_sitenote_note":"","_monsterinsights_sitenote_category":0,"footnotes":""},"categories":[154],"tags":[9746,26273],"class_list":["post-113588","post","type-post","status-publish","format-standard","has-post-thumbnail","hentry","category-veracruz","tag-identidad-de-genero","tag-infancia-trans","wp-image-borders"],"amp_enabled":true,"_links":{"self":[{"href":"https:\/\/nvnoticias.mx\/index.php\/wp-json\/wp\/v2\/posts\/113588","targetHints":{"allow":["GET"]}}],"collection":[{"href":"https:\/\/nvnoticias.mx\/index.php\/wp-json\/wp\/v2\/posts"}],"about":[{"href":"https:\/\/nvnoticias.mx\/index.php\/wp-json\/wp\/v2\/types\/post"}],"author":[{"embeddable":true,"href":"https:\/\/nvnoticias.mx\/index.php\/wp-json\/wp\/v2\/users\/8"}],"replies":[{"embeddable":true,"href":"https:\/\/nvnoticias.mx\/index.php\/wp-json\/wp\/v2\/comments?post=113588"}],"version-history":[{"count":1,"href":"https:\/\/nvnoticias.mx\/index.php\/wp-json\/wp\/v2\/posts\/113588\/revisions"}],"predecessor-version":[{"id":113590,"href":"https:\/\/nvnoticias.mx\/index.php\/wp-json\/wp\/v2\/posts\/113588\/revisions\/113590"}],"wp:featuredmedia":[{"embeddable":true,"href":"https:\/\/nvnoticias.mx\/index.php\/wp-json\/wp\/v2\/media\/51353"}],"wp:attachment":[{"href":"https:\/\/nvnoticias.mx\/index.php\/wp-json\/wp\/v2\/media?parent=113588"}],"wp:term":[{"taxonomy":"category","embeddable":true,"href":"https:\/\/nvnoticias.mx\/index.php\/wp-json\/wp\/v2\/categories?post=113588"},{"taxonomy":"post_tag","embeddable":true,"href":"https:\/\/nvnoticias.mx\/index.php\/wp-json\/wp\/v2\/tags?post=113588"}],"curies":[{"name":"wp","href":"https:\/\/api.w.org\/{rel}","templated":true}]}}