{"id":11354,"date":"2021-04-19T15:12:10","date_gmt":"2021-04-19T20:12:10","guid":{"rendered":"https:\/\/nvnoticias.mx\/?p=11354"},"modified":"2021-04-19T15:12:11","modified_gmt":"2021-04-19T20:12:11","slug":"taxistas-se-manifiestan-contra-el-servicio-de-aplicacion","status":"publish","type":"post","link":"https:\/\/nvnoticias.mx\/index.php\/2021\/04\/19\/taxistas-se-manifiestan-contra-el-servicio-de-aplicacion\/","title":{"rendered":"Taxistas se manifiestan contra el servicio de aplicaci\u00f3n"},"content":{"rendered":"\n<p><strong>Jes\u00fas Utrilla \/ NV Noticias <\/strong><\/p>\n\n\n\n<p>Taxistas de la zona conurbada Veracruz- Boca Del R\u00edo se manifestaron con sus unidades para exigir la renuncia del director de Transporte P\u00fablico, \u00c1ngel Alarc\u00f3n.<\/p>\n\n\n\n<p>Acusaron que es omiso ante la incursi\u00f3n del servicio de taxi que utiliza unidades particulares y aplicaciones digitales.<\/p>\n\n\n\n<p>Mario Ortiz, presidente de la Coalici\u00f3n de Taxistas, aclar\u00f3 que est\u00e1n a favor de las aplicaciones y la modernizaci\u00f3n pero no en que circulen coches sin concesi\u00f3n.<\/p>\n\n\n\n<blockquote class=\"wp-block-quote is-layout-flow wp-block-quote-is-layout-flow\"><p>\u201cEstamos en contra de la Direcci\u00f3n del Transporte P\u00fablico y de sus acciones para el no cumplimiento de en lo que corresponde a las aplicaciones de transporte en veh\u00edculos particulares. Nosotros decimos bienvenido en las aplicaciones pero no en veh\u00edculos particulares porque eso es ilegal, no pagan los derechos que pagamos nosotros, ni las concesiones\u201d.<\/p><\/blockquote>\n\n\n\n<p>Los taxistas se congregaron en el bulevar Adolfo Ruiz Cortines, en la ciudad de Boca Del R\u00edo y exigieron la aplicaci\u00f3n del C\u00f3digo Penal en su Art\u00edculo 272, que establece penalidades para quien cometa el delito de transportar pasajeros sin contar con los permisos otorgados por la Direcci\u00f3n del Transporte.<\/p>\n\n\n\n<p>El vocero de la organizaci\u00f3n, Ignacio Rodr\u00edguez, dijo que podr\u00edan interponer una denuncia por corrupci\u00f3n.<\/p>\n\n\n\n<p>Reclamaron que los operativos que realiza la Direcci\u00f3n del Transporte P\u00fablico sean contra los taxistas y no contra las plataformas que utilizan veh\u00edculos particulares y operan al margen de la ley.<\/p>\n","protected":false},"excerpt":{"rendered":"<p>Jes\u00fas Utrilla \/ NV Noticias Taxistas de la zona conurbada Veracruz- Boca Del R\u00edo se manifestaron con sus unidades para exigir la renuncia del director de Transporte P\u00fablico, \u00c1ngel Alarc\u00f3n. Acusaron que es omiso ante la incursi\u00f3n del servicio de taxi que utiliza unidades particulares y aplicaciones digitales. Mario Ortiz, presidente de la Coalici\u00f3n de [&hellip;]<\/p>\n","protected":false},"author":6,"featured_media":11355,"comment_status":"open","ping_status":"open","sticky":false,"template":"","format":"standard","meta":{"_monsterinsights_skip_tracking":false,"_monsterinsights_sitenote_active":false,"_monsterinsights_sitenote_note":"","_monsterinsights_sitenote_category":0,"footnotes":""},"categories":[154],"tags":[2019,884],"class_list":["post-11354","post","type-post","status-publish","format-standard","has-post-thumbnail","hentry","category-veracruz","tag-aplicacion","tag-taxistas","wp-image-borders"],"amp_enabled":true,"_links":{"self":[{"href":"https:\/\/nvnoticias.mx\/index.php\/wp-json\/wp\/v2\/posts\/11354","targetHints":{"allow":["GET"]}}],"collection":[{"href":"https:\/\/nvnoticias.mx\/index.php\/wp-json\/wp\/v2\/posts"}],"about":[{"href":"https:\/\/nvnoticias.mx\/index.php\/wp-json\/wp\/v2\/types\/post"}],"author":[{"embeddable":true,"href":"https:\/\/nvnoticias.mx\/index.php\/wp-json\/wp\/v2\/users\/6"}],"replies":[{"embeddable":true,"href":"https:\/\/nvnoticias.mx\/index.php\/wp-json\/wp\/v2\/comments?post=11354"}],"version-history":[{"count":1,"href":"https:\/\/nvnoticias.mx\/index.php\/wp-json\/wp\/v2\/posts\/11354\/revisions"}],"predecessor-version":[{"id":11356,"href":"https:\/\/nvnoticias.mx\/index.php\/wp-json\/wp\/v2\/posts\/11354\/revisions\/11356"}],"wp:featuredmedia":[{"embeddable":true,"href":"https:\/\/nvnoticias.mx\/index.php\/wp-json\/wp\/v2\/media\/11355"}],"wp:attachment":[{"href":"https:\/\/nvnoticias.mx\/index.php\/wp-json\/wp\/v2\/media?parent=11354"}],"wp:term":[{"taxonomy":"category","embeddable":true,"href":"https:\/\/nvnoticias.mx\/index.php\/wp-json\/wp\/v2\/categories?post=11354"},{"taxonomy":"post_tag","embeddable":true,"href":"https:\/\/nvnoticias.mx\/index.php\/wp-json\/wp\/v2\/tags?post=11354"}],"curies":[{"name":"wp","href":"https:\/\/api.w.org\/{rel}","templated":true}]}}