{"id":113514,"date":"2023-07-13T10:42:52","date_gmt":"2023-07-13T15:42:52","guid":{"rendered":"https:\/\/nvnoticias.mx\/?p=113514"},"modified":"2023-07-13T10:44:25","modified_gmt":"2023-07-13T15:44:25","slug":"falla-pagina-del-frente-amplio-por-mexico-a-horas-de-iniciar-la-recoleccion-de-firmas","status":"publish","type":"post","link":"https:\/\/nvnoticias.mx\/index.php\/2023\/07\/13\/falla-pagina-del-frente-amplio-por-mexico-a-horas-de-iniciar-la-recoleccion-de-firmas\/","title":{"rendered":"Falla p\u00e1gina del Frente Amplio por M\u00e9xico a horas de iniciar la recolecci\u00f3n de firmas"},"content":{"rendered":"\n<p>El\u00a0Frente Amplio por M\u00e9xico\u00a0habilit\u00f3 su\u00a0<strong>plataforma para la recolecci\u00f3n de 150 mil firmas<\/strong>\u00a0por parte de los 13 aspirantes a la presidencia en las elecciones 2024.<\/p>\n\n\n\n<p>Sin embargo, tanto la p\u00e1gina como la aplicaci\u00f3n han presentado fallas e intermitencias al momento de abrirla e ingresar los datos.<\/p>\n\n\n\n<p>La<strong>&nbsp;p\u00e1gina frenteampliopormexico.org.mx&nbsp;<\/strong>no est\u00e1 disponible para navegar y tampoco para hacer alg\u00fan registro.<\/p>\n\n\n\n<p>En redes sociales se dio a conocer que la p\u00e1gina comenz\u00f3 con las fallas durante la madrugada, despu\u00e9s de haberse habilitado.<\/p>\n\n\n\n<p>La&nbsp;<strong>plataforma quedar\u00eda habilitada&nbsp;<\/strong>para que los aspirantes re\u00fanan las firmas necesarias antes del 5 de agosto.<\/p>\n\n\n\n<p>El Comit\u00e9 Organizador inform\u00f3 que se trata de \u201cproblemas t\u00e9cnicos de arranque\u201d, se dijo durante el programa de Ciro G\u00f3mez Leyva.<\/p>\n\n\n\n<p>Fuente:<a href=\"https:\/\/www.elfinanciero.com.mx\/nacional\/2023\/07\/13\/pagina-del-frente-amplio-por-mexico-falla-a-horas-de-iniciar-la-recoleccion-de-firmas\/\" data-type=\"URL\" data-id=\"https:\/\/www.elfinanciero.com.mx\/nacional\/2023\/07\/13\/pagina-del-frente-amplio-por-mexico-falla-a-horas-de-iniciar-la-recoleccion-de-firmas\/\"> El Financiero<\/a> <\/p>\n","protected":false},"excerpt":{"rendered":"<p>El\u00a0Frente Amplio por M\u00e9xico\u00a0habilit\u00f3 su\u00a0plataforma para la recolecci\u00f3n de 150 mil firmas\u00a0por parte de los 13 aspirantes a la presidencia en las elecciones 2024. Sin embargo, tanto la p\u00e1gina como la aplicaci\u00f3n han presentado fallas e intermitencias al momento de abrirla e ingresar los datos. La&nbsp;p\u00e1gina frenteampliopormexico.org.mx&nbsp;no est\u00e1 disponible para navegar y tampoco para hacer [&hellip;]<\/p>\n","protected":false},"author":35,"featured_media":90252,"comment_status":"open","ping_status":"open","sticky":false,"template":"","format":"standard","meta":{"_monsterinsights_skip_tracking":false,"_monsterinsights_sitenote_active":false,"_monsterinsights_sitenote_note":"","_monsterinsights_sitenote_category":0,"footnotes":""},"categories":[158],"tags":[2396,26179,26250,162],"class_list":["post-113514","post","type-post","status-publish","format-standard","has-post-thumbnail","hentry","category-politica","tag-falla","tag-frente-amplio-por-mexico","tag-pagina","tag-portada","wp-image-borders"],"amp_enabled":true,"_links":{"self":[{"href":"https:\/\/nvnoticias.mx\/index.php\/wp-json\/wp\/v2\/posts\/113514","targetHints":{"allow":["GET"]}}],"collection":[{"href":"https:\/\/nvnoticias.mx\/index.php\/wp-json\/wp\/v2\/posts"}],"about":[{"href":"https:\/\/nvnoticias.mx\/index.php\/wp-json\/wp\/v2\/types\/post"}],"author":[{"embeddable":true,"href":"https:\/\/nvnoticias.mx\/index.php\/wp-json\/wp\/v2\/users\/35"}],"replies":[{"embeddable":true,"href":"https:\/\/nvnoticias.mx\/index.php\/wp-json\/wp\/v2\/comments?post=113514"}],"version-history":[{"count":3,"href":"https:\/\/nvnoticias.mx\/index.php\/wp-json\/wp\/v2\/posts\/113514\/revisions"}],"predecessor-version":[{"id":113518,"href":"https:\/\/nvnoticias.mx\/index.php\/wp-json\/wp\/v2\/posts\/113514\/revisions\/113518"}],"wp:featuredmedia":[{"embeddable":true,"href":"https:\/\/nvnoticias.mx\/index.php\/wp-json\/wp\/v2\/media\/90252"}],"wp:attachment":[{"href":"https:\/\/nvnoticias.mx\/index.php\/wp-json\/wp\/v2\/media?parent=113514"}],"wp:term":[{"taxonomy":"category","embeddable":true,"href":"https:\/\/nvnoticias.mx\/index.php\/wp-json\/wp\/v2\/categories?post=113514"},{"taxonomy":"post_tag","embeddable":true,"href":"https:\/\/nvnoticias.mx\/index.php\/wp-json\/wp\/v2\/tags?post=113514"}],"curies":[{"name":"wp","href":"https:\/\/api.w.org\/{rel}","templated":true}]}}