{"id":113503,"date":"2023-07-12T19:01:49","date_gmt":"2023-07-13T00:01:49","guid":{"rendered":"https:\/\/nvnoticias.mx\/?p=113503"},"modified":"2023-07-12T19:15:19","modified_gmt":"2023-07-13T00:15:19","slug":"realizaron-ultimo-pago-asistido-de-la-pension-a-adultos-mayores-en-veracruz","status":"publish","type":"post","link":"https:\/\/nvnoticias.mx\/index.php\/2023\/07\/12\/realizaron-ultimo-pago-asistido-de-la-pension-a-adultos-mayores-en-veracruz\/","title":{"rendered":"Realizaron \u00faltimo pago asistido de la pensi\u00f3n a adultos mayores en Veracruz"},"content":{"rendered":"\n<p>Esta ma\u00f1ana se llev\u00f3 a cabo el \u00faltimo operativo de pago asistido de la pensi\u00f3n del bienestar para adultos mayores de 65 a\u00f1os en Boca del R\u00edo.<\/p>\n\n\n\n<p>En el operativo se entregaron los apoyos a m\u00e1s de 900 adultos mayores que hac\u00edan falta por cobrar dicha pensi\u00f3n.<\/p>\n\n\n\n<p>El delegado de Programas sociales en Veracruz, Manuel Huerta Ladr\u00f3n de Guevara, indic\u00f3 que los beneficiarios que recibieron su pago este d\u00eda ya cuentan con su tarjeta del bienestar y el siguiente periodo de pago ya podr\u00e1n acudir al banco del bienestar para cobrarlo.<\/p>\n\n\n\n<blockquote class=\"wp-block-quote is-layout-flow wp-block-quote-is-layout-flow\"><p>&#8220;<em>Hoy es el operativo de pago ya aqu\u00ed, ya todos cobraron y ya todos tienen tarjeta, ya estamos listos; el pr\u00f3ximo mes todos a los bancos<\/em>&#8220;.<\/p><\/blockquote>\n\n\n\n<p>Detall\u00f3 que los bancos de D\u00edaz Mir\u00f3n, el de la Petrolera en Boca del R\u00edo y el de Medell\u00edn, estar\u00e1n listos para entrar en operaci\u00f3n este mismo mes.<\/p>\n\n\n\n<p>Asegur\u00f3 que el a\u00f1o pr\u00f3ximo la pensi\u00f3n para los adultos mayores aumentar\u00e1 de 4 mil 800 a 6 mil pesos.<\/p>\n\n\n\n<p>Expres\u00f3 que seguir\u00e1n las incorporaciones para los diferentes programas sociales con los que cuenta el estado.<\/p>\n\n\n\n<p>El delegado Manuel Huerta aprovech\u00f3 para celebrar su cumplea\u00f1os n\u00famero 63 con los asistentes al operativo que se realiz\u00f3 en el Centro Integrador de Desarrollo &#8220;La Patria es Primero&#8221;, en Boca del R\u00edo.<\/p>\n","protected":false},"excerpt":{"rendered":"<p>Esta ma\u00f1ana se llev\u00f3 a cabo el \u00faltimo operativo de pago asistido de la pensi\u00f3n del bienestar para adultos mayores de 65 a\u00f1os en Boca del R\u00edo. En el operativo se entregaron los apoyos a m\u00e1s de 900 adultos mayores que hac\u00edan falta por cobrar dicha pensi\u00f3n. El delegado de Programas sociales en Veracruz, Manuel [&hellip;]<\/p>\n","protected":false},"author":8,"featured_media":113504,"comment_status":"open","ping_status":"open","sticky":false,"template":"","format":"standard","meta":{"_monsterinsights_skip_tracking":false,"_monsterinsights_sitenote_active":false,"_monsterinsights_sitenote_note":"","_monsterinsights_sitenote_category":0,"footnotes":""},"categories":[154],"tags":[1390,14189,162,180],"class_list":["post-113503","post","type-post","status-publish","format-standard","has-post-thumbnail","hentry","category-veracruz","tag-adultos-mayores","tag-pension-del-bienestar","tag-portada","tag-veracruz","wp-image-borders"],"amp_enabled":true,"_links":{"self":[{"href":"https:\/\/nvnoticias.mx\/index.php\/wp-json\/wp\/v2\/posts\/113503","targetHints":{"allow":["GET"]}}],"collection":[{"href":"https:\/\/nvnoticias.mx\/index.php\/wp-json\/wp\/v2\/posts"}],"about":[{"href":"https:\/\/nvnoticias.mx\/index.php\/wp-json\/wp\/v2\/types\/post"}],"author":[{"embeddable":true,"href":"https:\/\/nvnoticias.mx\/index.php\/wp-json\/wp\/v2\/users\/8"}],"replies":[{"embeddable":true,"href":"https:\/\/nvnoticias.mx\/index.php\/wp-json\/wp\/v2\/comments?post=113503"}],"version-history":[{"count":1,"href":"https:\/\/nvnoticias.mx\/index.php\/wp-json\/wp\/v2\/posts\/113503\/revisions"}],"predecessor-version":[{"id":113505,"href":"https:\/\/nvnoticias.mx\/index.php\/wp-json\/wp\/v2\/posts\/113503\/revisions\/113505"}],"wp:featuredmedia":[{"embeddable":true,"href":"https:\/\/nvnoticias.mx\/index.php\/wp-json\/wp\/v2\/media\/113504"}],"wp:attachment":[{"href":"https:\/\/nvnoticias.mx\/index.php\/wp-json\/wp\/v2\/media?parent=113503"}],"wp:term":[{"taxonomy":"category","embeddable":true,"href":"https:\/\/nvnoticias.mx\/index.php\/wp-json\/wp\/v2\/categories?post=113503"},{"taxonomy":"post_tag","embeddable":true,"href":"https:\/\/nvnoticias.mx\/index.php\/wp-json\/wp\/v2\/tags?post=113503"}],"curies":[{"name":"wp","href":"https:\/\/api.w.org\/{rel}","templated":true}]}}