{"id":11346,"date":"2021-04-19T14:51:46","date_gmt":"2021-04-19T19:51:46","guid":{"rendered":"https:\/\/nvnoticias.mx\/?p=11346"},"modified":"2021-04-19T14:51:48","modified_gmt":"2021-04-19T19:51:48","slug":"investigan-extraccion-ilegal-de-agua-de-la-laguna-del-farallon","status":"publish","type":"post","link":"https:\/\/nvnoticias.mx\/index.php\/2021\/04\/19\/investigan-extraccion-ilegal-de-agua-de-la-laguna-del-farallon\/","title":{"rendered":"Investigan extracci\u00f3n ilegal de agua de la laguna del Farall\u00f3n"},"content":{"rendered":"\n<p><strong>Sam Ojeda \/NV Noticias<\/strong> <\/p>\n\n\n\n<p>Xalapa.- La sequ\u00eda en la laguna del Farall\u00f3n en el municipio de Actopan podr\u00eda ser consecuencia de la extracci\u00f3n ilegal de sus aguas, advirti\u00f3 el gobernador de Veracruz, Cuitl\u00e1huac Garc\u00eda Jim\u00e9nez.<\/p>\n\n\n\n<p>Dijo que por ello la Procuradur\u00eda del Medio Ambiente (PMA) investiga la presunta extracci\u00f3n ilegal de agua y solicitaron un an\u00e1lisis t\u00e9cnico a la Comisi\u00f3n Nacional del Agua (Conagua) sobre las causas de este fen\u00f3meno.<\/p>\n\n\n\n<blockquote class=\"wp-block-quote is-layout-flow wp-block-quote-is-layout-flow\"><p><em>\u201cHubo una extracci\u00f3n de agua en estas lagunas, presumimos que fue de manera ilegal y se va a atender, se est\u00e1 investigando. Se encontraron indicios de que estuvieron extrayendo agua con mangueras de cierto grosor y suponemos no tienen los permisos, ser\u00eda ilegal\u201d.<\/em><\/p><\/blockquote>\n\n\n\n<p>Por ello, acudi\u00f3 el Subprocurador del Medio Ambiente a fin de realizar una inspecci\u00f3n en el sitio y reunirse con los pescadores y habitantes para retomar sus testimonios.<\/p>\n\n\n\n<blockquote class=\"wp-block-quote is-layout-flow wp-block-quote-is-layout-flow\"><p><em>\u201cQue la Procuradur\u00eda del Medio Ambiente act\u00fae en lo que le corresponde porque la competencia de protecci\u00f3n al ambiente tiene dos instancias, la nuestra la est\u00e1 atendiendo, la otra se concatena\u201d.<\/em><\/p><\/blockquote>\n\n\n\n<p>Sin embargo, dijo que la situaci\u00f3n pudo agravarse por una sequ\u00eda generalizada que se registra, as\u00ed como la disminuci\u00f3n en los escurrimiento hacia los cuerpos de agua.<\/p>\n\n\n\n<blockquote class=\"wp-block-quote is-layout-flow wp-block-quote-is-layout-flow\"><p><em>\u201cHay un fen\u00f3meno de sequ\u00eda generalizado en todo el pa\u00eds y el estado, est\u00e1 disminuyendo los mantos acu\u00edferos y todos los escurrimientos a lagunas, no necesariamente por la actividad minera, alguien puede ir al r\u00edo Pixquiac y est\u00e1 totalmente seco. El fen\u00f3meno tiene que atenderse\u201d.<\/em><\/p><\/blockquote>\n","protected":false},"excerpt":{"rendered":"<p>Sam Ojeda \/NV Noticias Xalapa.- La sequ\u00eda en la laguna del Farall\u00f3n en el municipio de Actopan podr\u00eda ser consecuencia de la extracci\u00f3n ilegal de sus aguas, advirti\u00f3 el gobernador de Veracruz, Cuitl\u00e1huac Garc\u00eda Jim\u00e9nez. Dijo que por ello la Procuradur\u00eda del Medio Ambiente (PMA) investiga la presunta extracci\u00f3n ilegal de agua y solicitaron un [&hellip;]<\/p>\n","protected":false},"author":6,"featured_media":11347,"comment_status":"open","ping_status":"open","sticky":false,"template":"","format":"standard","meta":{"_monsterinsights_skip_tracking":false,"_monsterinsights_sitenote_active":false,"_monsterinsights_sitenote_note":"","_monsterinsights_sitenote_category":0,"footnotes":""},"categories":[156],"tags":[3113,3112,162],"class_list":["post-11346","post","type-post","status-publish","format-standard","has-post-thumbnail","hentry","category-estado","tag-extraccion","tag-laguna-del-farallon","tag-portada","wp-image-borders"],"amp_enabled":true,"_links":{"self":[{"href":"https:\/\/nvnoticias.mx\/index.php\/wp-json\/wp\/v2\/posts\/11346","targetHints":{"allow":["GET"]}}],"collection":[{"href":"https:\/\/nvnoticias.mx\/index.php\/wp-json\/wp\/v2\/posts"}],"about":[{"href":"https:\/\/nvnoticias.mx\/index.php\/wp-json\/wp\/v2\/types\/post"}],"author":[{"embeddable":true,"href":"https:\/\/nvnoticias.mx\/index.php\/wp-json\/wp\/v2\/users\/6"}],"replies":[{"embeddable":true,"href":"https:\/\/nvnoticias.mx\/index.php\/wp-json\/wp\/v2\/comments?post=11346"}],"version-history":[{"count":1,"href":"https:\/\/nvnoticias.mx\/index.php\/wp-json\/wp\/v2\/posts\/11346\/revisions"}],"predecessor-version":[{"id":11348,"href":"https:\/\/nvnoticias.mx\/index.php\/wp-json\/wp\/v2\/posts\/11346\/revisions\/11348"}],"wp:featuredmedia":[{"embeddable":true,"href":"https:\/\/nvnoticias.mx\/index.php\/wp-json\/wp\/v2\/media\/11347"}],"wp:attachment":[{"href":"https:\/\/nvnoticias.mx\/index.php\/wp-json\/wp\/v2\/media?parent=11346"}],"wp:term":[{"taxonomy":"category","embeddable":true,"href":"https:\/\/nvnoticias.mx\/index.php\/wp-json\/wp\/v2\/categories?post=11346"},{"taxonomy":"post_tag","embeddable":true,"href":"https:\/\/nvnoticias.mx\/index.php\/wp-json\/wp\/v2\/tags?post=11346"}],"curies":[{"name":"wp","href":"https:\/\/api.w.org\/{rel}","templated":true}]}}