{"id":113449,"date":"2023-07-12T14:25:07","date_gmt":"2023-07-12T19:25:07","guid":{"rendered":"https:\/\/nvnoticias.mx\/?p=113449"},"modified":"2023-07-12T14:25:08","modified_gmt":"2023-07-12T19:25:08","slug":"la-figura-delitos-cometidos-en-contra-de-instituciones-de-seguridad-publica-se-usa-para-reprimir-abogado","status":"publish","type":"post","link":"https:\/\/nvnoticias.mx\/index.php\/2023\/07\/12\/la-figura-delitos-cometidos-en-contra-de-instituciones-de-seguridad-publica-se-usa-para-reprimir-abogado\/","title":{"rendered":"La figura Delitos Cometidos en Contra de Instituciones de Seguridad P\u00fablica se usa para reprimir: Abogado"},"content":{"rendered":"\n<p><strong>Jes\u00fas Utrilla \/ NV Noticias <\/strong><\/p>\n\n\n\n<p>La figura Delitos Cometidos en Contra de Instituciones de Seguridad P\u00fablica se usa para reprimir a la sociedad, acus\u00f3 Cristian Rafael G\u00f3mez Zacar\u00edas, presidente de la Barra de Licenciados en Derecho en el Sistema Penal Acusatorio del Estado de Veracruz.<\/p>\n\n\n\n<p>Dijo que al mes atienden entre 1 y 2 casos de abuso, por ello urgi\u00f3 al congreso del estado a derogar este delito, ya que est\u00e1 sujeto a interpretaci\u00f3n y personas Inocentes pueden caer en prisi\u00f3n<\/p>\n\n\n\n<blockquote class=\"wp-block-quote is-layout-flow wp-block-quote-is-layout-flow\"><p><em>\u201cUna agresi\u00f3n verbal no le provoca ning\u00fan tipo de da\u00f1o f\u00edsico o psicol\u00f3gico a un elemento, tambi\u00e9n la pena es de 7 a 15 a\u00f1os de prisi\u00f3n y es completamente elevada esa penalidad, ya que compar\u00e1ndola con un homicidio simple la pena es de 10 a\u00f1os, es incongruente ese delito y se utiliza a interpretaci\u00f3n que ellos quieran darle\u201d.<\/em><\/p><\/blockquote>\n\n\n\n<p>La nueva ley propuesta por el Congreso, impondr\u00eda una pena entre los siete y quince a\u00f1os de prisi\u00f3n para quienes sean imputados y encontrados culpables.<\/p>\n\n\n\n<p>Acus\u00f3 que la Fiscal\u00eda General del Estado busca imputar este delito para poder mantenerlos tras las rejas al estar sujeto a interpretaci\u00f3n.<\/p>\n\n\n\n<p>Asegur\u00f3 que este delito solo existe en el Estado de Veracruz por lo que recurrir\u00e1n a interponer una acci\u00f3n de inconstitucionalidad.<\/p>\n\n\n\n<p>Exhort\u00f3 a los colegios de abogados a presentar las acciones jur\u00eddicas necesarias para que el congreso tenga que derogar este delito.<\/p>\n","protected":false},"excerpt":{"rendered":"<p>Jes\u00fas Utrilla \/ NV Noticias La figura Delitos Cometidos en Contra de Instituciones de Seguridad P\u00fablica se usa para reprimir a la sociedad, acus\u00f3 Cristian Rafael G\u00f3mez Zacar\u00edas, presidente de la Barra de Licenciados en Derecho en el Sistema Penal Acusatorio del Estado de Veracruz. Dijo que al mes atienden entre 1 y 2 casos [&hellip;]<\/p>\n","protected":false},"author":8,"featured_media":113451,"comment_status":"open","ping_status":"open","sticky":false,"template":"","format":"standard","meta":{"_monsterinsights_skip_tracking":false,"_monsterinsights_sitenote_active":false,"_monsterinsights_sitenote_note":"","_monsterinsights_sitenote_category":0,"footnotes":""},"categories":[154],"tags":[351],"class_list":["post-113449","post","type-post","status-publish","format-standard","has-post-thumbnail","hentry","category-veracruz","tag-abogados","wp-image-borders"],"amp_enabled":true,"_links":{"self":[{"href":"https:\/\/nvnoticias.mx\/index.php\/wp-json\/wp\/v2\/posts\/113449","targetHints":{"allow":["GET"]}}],"collection":[{"href":"https:\/\/nvnoticias.mx\/index.php\/wp-json\/wp\/v2\/posts"}],"about":[{"href":"https:\/\/nvnoticias.mx\/index.php\/wp-json\/wp\/v2\/types\/post"}],"author":[{"embeddable":true,"href":"https:\/\/nvnoticias.mx\/index.php\/wp-json\/wp\/v2\/users\/8"}],"replies":[{"embeddable":true,"href":"https:\/\/nvnoticias.mx\/index.php\/wp-json\/wp\/v2\/comments?post=113449"}],"version-history":[{"count":1,"href":"https:\/\/nvnoticias.mx\/index.php\/wp-json\/wp\/v2\/posts\/113449\/revisions"}],"predecessor-version":[{"id":113453,"href":"https:\/\/nvnoticias.mx\/index.php\/wp-json\/wp\/v2\/posts\/113449\/revisions\/113453"}],"wp:featuredmedia":[{"embeddable":true,"href":"https:\/\/nvnoticias.mx\/index.php\/wp-json\/wp\/v2\/media\/113451"}],"wp:attachment":[{"href":"https:\/\/nvnoticias.mx\/index.php\/wp-json\/wp\/v2\/media?parent=113449"}],"wp:term":[{"taxonomy":"category","embeddable":true,"href":"https:\/\/nvnoticias.mx\/index.php\/wp-json\/wp\/v2\/categories?post=113449"},{"taxonomy":"post_tag","embeddable":true,"href":"https:\/\/nvnoticias.mx\/index.php\/wp-json\/wp\/v2\/tags?post=113449"}],"curies":[{"name":"wp","href":"https:\/\/api.w.org\/{rel}","templated":true}]}}