{"id":113423,"date":"2023-07-12T12:46:27","date_gmt":"2023-07-12T17:46:27","guid":{"rendered":"https:\/\/nvnoticias.mx\/?p=113423"},"modified":"2023-07-12T12:46:29","modified_gmt":"2023-07-12T17:46:29","slug":"inflacion-en-eu-de-junio-alcanza-su-nivel-mas-bajo-en-dos-anos","status":"publish","type":"post","link":"https:\/\/nvnoticias.mx\/index.php\/2023\/07\/12\/inflacion-en-eu-de-junio-alcanza-su-nivel-mas-bajo-en-dos-anos\/","title":{"rendered":"Inflaci\u00f3n en EU de junio alcanza su nivel m\u00e1s bajo en dos a\u00f1os"},"content":{"rendered":"\n<p>La&nbsp;inflaci\u00f3n de Estados Unidos&nbsp;se enfri\u00f3 dr\u00e1sticamente el mes pasado, lo que ofrece nuevas esperanzas de que la Reserva Federal pueda concluir pronto las subidas de tipos de inter\u00e9s m\u00e1s agresivas en d\u00e9cadas.<\/p>\n\n\n\n<p>El&nbsp;<strong>\u00cdndice de Precios al Consumidor (IPC) aument\u00f3 un 3 por ciento<\/strong>&nbsp;el mes pasado respecto al a\u00f1o anterior, seg\u00fan datos publicados el mi\u00e9rcoles por la Oficina de Estad\u00edsticas Laborales.<\/p>\n\n\n\n<p>Excluyendo alimentos y energ\u00eda, el IPC subi\u00f3 un 0.2 por ciento respecto al mes anterior. Desde hace un a\u00f1o, la llamada medida central, que los economistas ven como el mejor indicador de la&nbsp;<strong>inflaci\u00f3n subyacente<\/strong>, avanz\u00f3 un 4.8 por ciento, el nivel m\u00e1s bajo desde finales de 2021, pero a\u00fan muy por encima del objetivo de la Fed.<\/p>\n\n\n\n<p>Los rendimientos del Tesoro se desplomaron, los futuros de acciones subieron y el d\u00f3lar cay\u00f3 tras el informe. Las posibilidades de un aumento adicional de las&nbsp;tasas de la Fed&nbsp;despu\u00e9s de este mes cayeron muy por debajo del 50 por ciento.<a href=\"https:\/\/www.elfinanciero.com.mx\/mercados\/2023\/07\/11\/wall-street-abre-con-cautela-ante-el-anuncio-de-mayores-estimulos-para-la-economia-de-china\/\"><\/a><\/p>\n\n\n\n<hr class=\"wp-block-separator\"\/>\n\n\n\n<p>Una raz\u00f3n clave de la desaceleraci\u00f3n en la medida general es que la cifra m\u00e1s reciente se compara con junio de 2022, cuando un r\u00e1pido aumento en los precios de la energ\u00eda luego de la invasi\u00f3n de Ucrania por parte de Rusia ayud\u00f3 a impulsar la inflaci\u00f3n a un m\u00e1ximo de cuatro d\u00e9cadas. De cara al futuro, las pr\u00f3ximas lecturas a\u00f1o tras a\u00f1o se comparar\u00e1n con impresiones relativamente m\u00e1s bajas.<\/p>\n\n\n\n<p>Dicho esto, el informe destaca el progreso en la&nbsp;<strong>reducci\u00f3n de las presiones sobre los precios&nbsp;<\/strong>desde que la inflaci\u00f3n alcanz\u00f3 su punto m\u00e1ximo hace un a\u00f1o, con la ayuda de m\u00e1s de un a\u00f1o de aumentos en las tasas de inter\u00e9s y una demanda m\u00e1s relajada. Aun as\u00ed, las presiones sobre los precios est\u00e1n muy por encima del objetivo de la Fed del 2 por ciento y mantendr\u00e1n a los pol\u00edticos inclinados a&nbsp;<strong>reanudar el aumento de las tasas de inter\u00e9s&nbsp;<\/strong>en su reuni\u00f3n del 25 y 26 de julio.<\/p>\n\n\n\n<p>Si bien varios funcionarios de la Fed han se\u00f1alado como probable un aumento en la reuni\u00f3n de este mes, tambi\u00e9n tendr\u00e1n en cuenta las pr\u00f3ximas lecturas sobre los precios al productor, las expectativas de inflaci\u00f3n y las ventas minoristas.<\/p>\n\n\n\n<p>El informe tambi\u00e9n mostr\u00f3 que una categor\u00eda de\u00a0<strong>servicios clave\u00a0<\/strong>que excluye la vivienda y la energ\u00eda, observada de cerca por los funcionarios de la Fed al evaluar la trayectoria de inflaci\u00f3n de la naci\u00f3n, cambi\u00f3 poco en junio con respecto al mes anterior. Desde hace un a\u00f1o, se desaceler\u00f3 a un avance del\u00a0<strong>4 por ciento<\/strong>, tambi\u00e9n el aumento m\u00e1s peque\u00f1o desde fines de 2021. Sin embargo, la Fed calcula esto en funci\u00f3n de un \u00edndice separado.<\/p>\n\n\n\n<p>Fuente: <a href=\"https:\/\/www.elfinanciero.com.mx\/economia\/2023\/07\/12\/esperanza-para-eu-inflacion-de-junio-alcanza-su-nivel-mas-bajo-en-dos-anos\/?outputType=amp\" data-type=\"URL\" data-id=\"https:\/\/www.elfinanciero.com.mx\/economia\/2023\/07\/12\/esperanza-para-eu-inflacion-de-junio-alcanza-su-nivel-mas-bajo-en-dos-anos\/?outputType=amp\">El Financiero<\/a> <\/p>\n","protected":false},"excerpt":{"rendered":"<p>La&nbsp;inflaci\u00f3n de Estados Unidos&nbsp;se enfri\u00f3 dr\u00e1sticamente el mes pasado, lo que ofrece nuevas esperanzas de que la Reserva Federal pueda concluir pronto las subidas de tipos de inter\u00e9s m\u00e1s agresivas en d\u00e9cadas. El&nbsp;\u00cdndice de Precios al Consumidor (IPC) aument\u00f3 un 3 por ciento&nbsp;el mes pasado respecto al a\u00f1o anterior, seg\u00fan datos publicados el mi\u00e9rcoles por [&hellip;]<\/p>\n","protected":false},"author":35,"featured_media":81540,"comment_status":"open","ping_status":"open","sticky":false,"template":"","format":"standard","meta":{"_monsterinsights_skip_tracking":false,"_monsterinsights_sitenote_active":false,"_monsterinsights_sitenote_note":"","_monsterinsights_sitenote_category":0,"footnotes":""},"categories":[181],"tags":[12058,183,2978,3858],"class_list":["post-113423","post","type-post","status-publish","format-standard","has-post-thumbnail","hentry","category-internacional","tag-alcanza","tag-estados-unidos","tag-inflacion","tag-junio","wp-image-borders"],"amp_enabled":true,"_links":{"self":[{"href":"https:\/\/nvnoticias.mx\/index.php\/wp-json\/wp\/v2\/posts\/113423","targetHints":{"allow":["GET"]}}],"collection":[{"href":"https:\/\/nvnoticias.mx\/index.php\/wp-json\/wp\/v2\/posts"}],"about":[{"href":"https:\/\/nvnoticias.mx\/index.php\/wp-json\/wp\/v2\/types\/post"}],"author":[{"embeddable":true,"href":"https:\/\/nvnoticias.mx\/index.php\/wp-json\/wp\/v2\/users\/35"}],"replies":[{"embeddable":true,"href":"https:\/\/nvnoticias.mx\/index.php\/wp-json\/wp\/v2\/comments?post=113423"}],"version-history":[{"count":3,"href":"https:\/\/nvnoticias.mx\/index.php\/wp-json\/wp\/v2\/posts\/113423\/revisions"}],"predecessor-version":[{"id":113426,"href":"https:\/\/nvnoticias.mx\/index.php\/wp-json\/wp\/v2\/posts\/113423\/revisions\/113426"}],"wp:featuredmedia":[{"embeddable":true,"href":"https:\/\/nvnoticias.mx\/index.php\/wp-json\/wp\/v2\/media\/81540"}],"wp:attachment":[{"href":"https:\/\/nvnoticias.mx\/index.php\/wp-json\/wp\/v2\/media?parent=113423"}],"wp:term":[{"taxonomy":"category","embeddable":true,"href":"https:\/\/nvnoticias.mx\/index.php\/wp-json\/wp\/v2\/categories?post=113423"},{"taxonomy":"post_tag","embeddable":true,"href":"https:\/\/nvnoticias.mx\/index.php\/wp-json\/wp\/v2\/tags?post=113423"}],"curies":[{"name":"wp","href":"https:\/\/api.w.org\/{rel}","templated":true}]}}