{"id":113374,"date":"2023-07-11T19:50:53","date_gmt":"2023-07-12T00:50:53","guid":{"rendered":"https:\/\/nvnoticias.mx\/?p=113374"},"modified":"2023-07-11T19:53:43","modified_gmt":"2023-07-12T00:53:43","slug":"inauguran-nueva-ruta-de-vuelo-en-el-aeropuerto-de-veracruz","status":"publish","type":"post","link":"https:\/\/nvnoticias.mx\/index.php\/2023\/07\/11\/inauguran-nueva-ruta-de-vuelo-en-el-aeropuerto-de-veracruz\/","title":{"rendered":"Inauguran nueva ruta de vuelo en el aeropuerto de Veracruz"},"content":{"rendered":"\n<p>Este martes autoridades aeroportuarias inauguraron una nueva ruta de vuelo en el aeropuerto de Veracruz, \u201cHeriberto Jara Corona\u201d.<\/p>\n\n\n\n<p>El administrador de dicha terminal a\u00e9rea, Sim\u00f3n Salazar Ant\u00f3n, detall\u00f3 que esto es un hecho hist\u00f3rico, ya que se trata de un vuelo hacia el Baj\u00edo.&nbsp;<\/p>\n\n\n\n<p>Precis\u00f3 que el vuelo es hacia Le\u00f3n, Guanajuato, son cuatro&nbsp;operaciones a la semana,&nbsp;son una llegada y salida los martes y otras dos operaciones&nbsp;&nbsp;similares el s\u00e1bado.&nbsp;<\/p>\n\n\n\n<blockquote class=\"wp-block-quote is-layout-flow wp-block-quote-is-layout-flow\"><p>\u201c<em>Una nueva ruta en este aeropuerto\u00a0al Baj\u00edo, es la primera vez que este\u00a0aeropuerto cuenta con esta ruta, viene a hacer historia<\/em>\u201d.<\/p><\/blockquote>\n\n\n\n<p>A partir de esta semana se podr\u00e1n tener estos vuelos, para que m\u00e1s personas que deseen adquirirlos ya puedan realizarlo, este\u00a0vuelo consta de dos frecuencias\u00a0y el avi\u00f3n tendr\u00e1 una capacidad de\u00a0200 plazas.<\/p>\n\n\n\n<p>Hay que recordar que, en el mes de mayo, la\u00a0Secretar\u00eda de Turismo de Veracruz\u00a0anunci\u00f3 que se tendr\u00eda la ruta hacia\u00a0Le\u00f3n, Guanajuato,\u00a0sin embargo, no contaban con fecha a\u00fan en que pudieran inaugurar el vuelo oficial.<\/p>\n\n\n\n<p>Esto ayudar\u00e1 al\u00a0fortalecimiento econ\u00f3mico del estado de Veracruz, donde se han integrado en este 2023, m\u00e1s rutas con diferentes aerol\u00edneas, demostrando la reconectividad que se ha logrado en tan solo un a\u00f1o.<\/p>\n","protected":false},"excerpt":{"rendered":"<p>Este martes autoridades aeroportuarias inauguraron una nueva ruta de vuelo en el aeropuerto de Veracruz, \u201cHeriberto Jara Corona\u201d. El administrador de dicha terminal a\u00e9rea, Sim\u00f3n Salazar Ant\u00f3n, detall\u00f3 que esto es un hecho hist\u00f3rico, ya que se trata de un vuelo hacia el Baj\u00edo.&nbsp; Precis\u00f3 que el vuelo es hacia Le\u00f3n, Guanajuato, son cuatro&nbsp;operaciones a [&hellip;]<\/p>\n","protected":false},"author":8,"featured_media":113375,"comment_status":"open","ping_status":"open","sticky":false,"template":"","format":"standard","meta":{"_monsterinsights_skip_tracking":false,"_monsterinsights_sitenote_active":false,"_monsterinsights_sitenote_note":"","_monsterinsights_sitenote_category":0,"footnotes":""},"categories":[154],"tags":[13055,162],"class_list":["post-113374","post","type-post","status-publish","format-standard","has-post-thumbnail","hentry","category-veracruz","tag-aeropuerto-de-veracruz","tag-portada","wp-image-borders"],"amp_enabled":true,"_links":{"self":[{"href":"https:\/\/nvnoticias.mx\/index.php\/wp-json\/wp\/v2\/posts\/113374","targetHints":{"allow":["GET"]}}],"collection":[{"href":"https:\/\/nvnoticias.mx\/index.php\/wp-json\/wp\/v2\/posts"}],"about":[{"href":"https:\/\/nvnoticias.mx\/index.php\/wp-json\/wp\/v2\/types\/post"}],"author":[{"embeddable":true,"href":"https:\/\/nvnoticias.mx\/index.php\/wp-json\/wp\/v2\/users\/8"}],"replies":[{"embeddable":true,"href":"https:\/\/nvnoticias.mx\/index.php\/wp-json\/wp\/v2\/comments?post=113374"}],"version-history":[{"count":2,"href":"https:\/\/nvnoticias.mx\/index.php\/wp-json\/wp\/v2\/posts\/113374\/revisions"}],"predecessor-version":[{"id":113378,"href":"https:\/\/nvnoticias.mx\/index.php\/wp-json\/wp\/v2\/posts\/113374\/revisions\/113378"}],"wp:featuredmedia":[{"embeddable":true,"href":"https:\/\/nvnoticias.mx\/index.php\/wp-json\/wp\/v2\/media\/113375"}],"wp:attachment":[{"href":"https:\/\/nvnoticias.mx\/index.php\/wp-json\/wp\/v2\/media?parent=113374"}],"wp:term":[{"taxonomy":"category","embeddable":true,"href":"https:\/\/nvnoticias.mx\/index.php\/wp-json\/wp\/v2\/categories?post=113374"},{"taxonomy":"post_tag","embeddable":true,"href":"https:\/\/nvnoticias.mx\/index.php\/wp-json\/wp\/v2\/tags?post=113374"}],"curies":[{"name":"wp","href":"https:\/\/api.w.org\/{rel}","templated":true}]}}