{"id":113370,"date":"2023-07-11T19:46:28","date_gmt":"2023-07-12T00:46:28","guid":{"rendered":"https:\/\/nvnoticias.mx\/?p=113370"},"modified":"2023-07-11T19:46:28","modified_gmt":"2023-07-12T00:46:28","slug":"mexicanos-que-murieron-por-accidente-de-helicoptero-cerca-del-everest-serian-de-nuevo-leon","status":"publish","type":"post","link":"https:\/\/nvnoticias.mx\/index.php\/2023\/07\/11\/mexicanos-que-murieron-por-accidente-de-helicoptero-cerca-del-everest-serian-de-nuevo-leon\/","title":{"rendered":"Mexicanos que murieron por accidente de helic\u00f3ptero cerca del Everest ser\u00edan de Nuevo Le\u00f3n"},"content":{"rendered":"\n<p>Federico Salas, embajador de M\u00e9xico en la India, inform\u00f3 que la familia mexicana fallecida cuando viajaba en helic\u00f3ptero hacia el Monte Everest podr\u00eda ser de Nuevo Le\u00f3n.<\/p>\n\n\n\n<p>En entrevistas, el diplom\u00e1tico mexicano se\u00f1al\u00f3: \u201cTenemos una direcci\u00f3n de Nuevo Le\u00f3n\u201d.<\/p>\n\n\n\n<p>Salas explic\u00f3 que \u201cera una familia de cinco personas, en efecto, que estaban de turistas. Se fueron a Nepal. Eran padre y madre y tres hijos. Los padres e hijos eran adultos, no eran chiquitos&#8221;.<\/p>\n\n\n\n<p>Cabe se\u00f1alar que los fallecidos fueron identificados como Ismael Sifuentes Rinc\u00f3n y Luz Gonz\u00e1lez Olacio, quienes viajaban con sus hijos Abril Sifuentes, Fernando Sifuentes y Mar\u00eda Jos\u00e9 Sifuenes, as\u00ed como el piloto de la aeronave, el nepal\u00ed Chet Gurung.<\/p>\n\n\n\n<p>Seg\u00fan se\u00f1alan, el accidente habr\u00eda ocurrido por condiciones meteorol\u00f3gicas.<\/p>\n\n\n\n<p>Los cuerpos de las v\u00edctimas ya fueron recuperados y fueron trasladados a Katmand\u00fa.<\/p>\n","protected":false},"excerpt":{"rendered":"<p>Federico Salas, embajador de M\u00e9xico en la India, inform\u00f3 que la familia mexicana fallecida cuando viajaba en helic\u00f3ptero hacia el Monte Everest podr\u00eda ser de Nuevo Le\u00f3n. En entrevistas, el diplom\u00e1tico mexicano se\u00f1al\u00f3: \u201cTenemos una direcci\u00f3n de Nuevo Le\u00f3n\u201d. Salas explic\u00f3 que \u201cera una familia de cinco personas, en efecto, que estaban de turistas. Se [&hellip;]<\/p>\n","protected":false},"author":8,"featured_media":113371,"comment_status":"open","ping_status":"open","sticky":false,"template":"","format":"standard","meta":{"_monsterinsights_skip_tracking":false,"_monsterinsights_sitenote_active":false,"_monsterinsights_sitenote_note":"","_monsterinsights_sitenote_category":0,"footnotes":""},"categories":[157],"tags":[1550,17272,257],"class_list":["post-113370","post","type-post","status-publish","format-standard","has-post-thumbnail","hentry","category-nacional","tag-accidente","tag-helicoptero-2","tag-mexicanos","wp-image-borders"],"amp_enabled":true,"_links":{"self":[{"href":"https:\/\/nvnoticias.mx\/index.php\/wp-json\/wp\/v2\/posts\/113370","targetHints":{"allow":["GET"]}}],"collection":[{"href":"https:\/\/nvnoticias.mx\/index.php\/wp-json\/wp\/v2\/posts"}],"about":[{"href":"https:\/\/nvnoticias.mx\/index.php\/wp-json\/wp\/v2\/types\/post"}],"author":[{"embeddable":true,"href":"https:\/\/nvnoticias.mx\/index.php\/wp-json\/wp\/v2\/users\/8"}],"replies":[{"embeddable":true,"href":"https:\/\/nvnoticias.mx\/index.php\/wp-json\/wp\/v2\/comments?post=113370"}],"version-history":[{"count":1,"href":"https:\/\/nvnoticias.mx\/index.php\/wp-json\/wp\/v2\/posts\/113370\/revisions"}],"predecessor-version":[{"id":113372,"href":"https:\/\/nvnoticias.mx\/index.php\/wp-json\/wp\/v2\/posts\/113370\/revisions\/113372"}],"wp:featuredmedia":[{"embeddable":true,"href":"https:\/\/nvnoticias.mx\/index.php\/wp-json\/wp\/v2\/media\/113371"}],"wp:attachment":[{"href":"https:\/\/nvnoticias.mx\/index.php\/wp-json\/wp\/v2\/media?parent=113370"}],"wp:term":[{"taxonomy":"category","embeddable":true,"href":"https:\/\/nvnoticias.mx\/index.php\/wp-json\/wp\/v2\/categories?post=113370"},{"taxonomy":"post_tag","embeddable":true,"href":"https:\/\/nvnoticias.mx\/index.php\/wp-json\/wp\/v2\/tags?post=113370"}],"curies":[{"name":"wp","href":"https:\/\/api.w.org\/{rel}","templated":true}]}}