{"id":11335,"date":"2021-04-19T13:37:53","date_gmt":"2021-04-19T18:37:53","guid":{"rendered":"https:\/\/nvnoticias.mx\/?p=11335"},"modified":"2021-04-19T13:37:55","modified_gmt":"2021-04-19T18:37:55","slug":"aumento-15-por-ciento-comercio-informal-en-veracruz","status":"publish","type":"post","link":"https:\/\/nvnoticias.mx\/index.php\/2021\/04\/19\/aumento-15-por-ciento-comercio-informal-en-veracruz\/","title":{"rendered":"Aument\u00f3 15 por ciento comercio informal en Veracruz"},"content":{"rendered":"\n<p><strong>Jes\u00fas Utrilla \/ NV Noticias <\/strong><\/p>\n\n\n\n<p>Debido al desempleo que gener\u00f3 la emergencia sanitaria del coronavirus, la presencia del ambulantaje aument\u00f3 por lo 15 por ciento en la ciudad de Veracruz.<\/p>\n\n\n\n<p>Jos\u00e9 Antonio Mendoza Garc\u00eda, presidente local de la C\u00e1mara Nacional de Comercio, se\u00f1al\u00f3 que quienes tuvieron una separaci\u00f3n laboral optaron por vender diversos productos, sin embargo, no se dieron de alta ante Hacienda, ni pagan impuestos municipales.<\/p>\n\n\n\n<p>Recrimin\u00f3 que no existe apoyo por parte del gobierno para el comercio establecido y por el contrario, el que se reactiv\u00f3 fue el informal.<\/p>\n\n\n\n<p>Cit\u00f3 de ejemplo a los cocineros cuyos restaurantes cerraron puertas, dijo que esas personas optaron por elaborar comida y alimentos diversos en su casa y ofrecerlos.<\/p>\n\n\n\n<p>Incluso muchos de ellos obtuvieron m\u00e1s ingresos que cuando depend\u00edan de un patr\u00f3n y en lugar de buscar empleo tratan de hacer crecer su negocio pero desde la informalidad.<\/p>\n\n\n\n<p>La situaci\u00f3n se da en diferentes zonas de la ciudad de Veracruz y no espec\u00edficamente en el centro o \u00e1rea de mercados.<\/p>\n\n\n\n<p>Integrantes de la CANACO se reunieron con la candidata a diputada federal por el distrito 12, Mar\u00eda Josefina Gamboa Torales, para manifestarle la inquietud de los empresarios y escuchar las propuestas que ella tiene.<\/p>\n\n\n\n<p>Dentro de los planteamientos los integrantes del organismo empresarial destacaron que se legisle en temas que beneficien a los mexicanos y no que los perjudiquen.<\/p>\n","protected":false},"excerpt":{"rendered":"<p>Jes\u00fas Utrilla \/ NV Noticias Debido al desempleo que gener\u00f3 la emergencia sanitaria del coronavirus, la presencia del ambulantaje aument\u00f3 por lo 15 por ciento en la ciudad de Veracruz. Jos\u00e9 Antonio Mendoza Garc\u00eda, presidente local de la C\u00e1mara Nacional de Comercio, se\u00f1al\u00f3 que quienes tuvieron una separaci\u00f3n laboral optaron por vender diversos productos, sin [&hellip;]<\/p>\n","protected":false},"author":6,"featured_media":11336,"comment_status":"open","ping_status":"open","sticky":false,"template":"","format":"standard","meta":{"_monsterinsights_skip_tracking":false,"_monsterinsights_sitenote_active":false,"_monsterinsights_sitenote_note":"","_monsterinsights_sitenote_category":0,"footnotes":""},"categories":[154],"tags":[3109,1968],"class_list":["post-11335","post","type-post","status-publish","format-standard","has-post-thumbnail","hentry","category-veracruz","tag-aumento","tag-comercio","wp-image-borders"],"amp_enabled":true,"_links":{"self":[{"href":"https:\/\/nvnoticias.mx\/index.php\/wp-json\/wp\/v2\/posts\/11335","targetHints":{"allow":["GET"]}}],"collection":[{"href":"https:\/\/nvnoticias.mx\/index.php\/wp-json\/wp\/v2\/posts"}],"about":[{"href":"https:\/\/nvnoticias.mx\/index.php\/wp-json\/wp\/v2\/types\/post"}],"author":[{"embeddable":true,"href":"https:\/\/nvnoticias.mx\/index.php\/wp-json\/wp\/v2\/users\/6"}],"replies":[{"embeddable":true,"href":"https:\/\/nvnoticias.mx\/index.php\/wp-json\/wp\/v2\/comments?post=11335"}],"version-history":[{"count":1,"href":"https:\/\/nvnoticias.mx\/index.php\/wp-json\/wp\/v2\/posts\/11335\/revisions"}],"predecessor-version":[{"id":11337,"href":"https:\/\/nvnoticias.mx\/index.php\/wp-json\/wp\/v2\/posts\/11335\/revisions\/11337"}],"wp:featuredmedia":[{"embeddable":true,"href":"https:\/\/nvnoticias.mx\/index.php\/wp-json\/wp\/v2\/media\/11336"}],"wp:attachment":[{"href":"https:\/\/nvnoticias.mx\/index.php\/wp-json\/wp\/v2\/media?parent=11335"}],"wp:term":[{"taxonomy":"category","embeddable":true,"href":"https:\/\/nvnoticias.mx\/index.php\/wp-json\/wp\/v2\/categories?post=11335"},{"taxonomy":"post_tag","embeddable":true,"href":"https:\/\/nvnoticias.mx\/index.php\/wp-json\/wp\/v2\/tags?post=11335"}],"curies":[{"name":"wp","href":"https:\/\/api.w.org\/{rel}","templated":true}]}}