{"id":113345,"date":"2023-07-11T16:11:27","date_gmt":"2023-07-11T21:11:27","guid":{"rendered":"https:\/\/nvnoticias.mx\/?p=113345"},"modified":"2023-07-11T16:11:29","modified_gmt":"2023-07-11T21:11:29","slug":"listo-boca-del-rio-para-realizar-operativo-vacacional","status":"publish","type":"post","link":"https:\/\/nvnoticias.mx\/index.php\/2023\/07\/11\/listo-boca-del-rio-para-realizar-operativo-vacacional\/","title":{"rendered":"Listo Boca del R\u00edo para realizar operativo vacacional"},"content":{"rendered":"\n<p><strong>Jes\u00fas Utrilla \/ NV Noticias<\/strong><\/p>\n\n\n\n<p>En la Operaci\u00f3n Verano 2023 de Boca del R\u00edo, cerca de 80 elementos est\u00e1n participando activamente para garantizar la seguridad f\u00edsica y patrimonial de los visitantes y residentes, seg\u00fan inform\u00f3 el director de Protecci\u00f3n Civil, Jorge Roberto Rojas Hern\u00e1ndez.<\/p>\n\n\n\n<p>Estos elementos incluyen guardavidas y personal operativo. Es importante destacar que el horario de las playas es de 10 de la ma\u00f1ana a 6 de la tarde, y en esta operaci\u00f3n participan diversas \u00e1reas, como la Direcci\u00f3n de Gobernaci\u00f3n, Protecci\u00f3n Civil, Tr\u00e1nsito y Vialidad, y la Polic\u00eda Municipal, entre otras.<\/p>\n\n\n\n<p>Rojas Hern\u00e1ndez tambi\u00e9n se\u00f1al\u00f3 que este operativo no se limita \u00fanicamente a las zonas de playa, sino que tambi\u00e9n se extiende a la zona urbana en general, especialmente en las \u00e1reas tur\u00edsticas.<\/p>\n\n\n\n<p>Habr\u00e1 vigilancia tanto en las principales avenidas, debido a la esperada afluencia de turistas, como en las playas, donde los guardavidas desempe\u00f1ar\u00e1n un papel crucial. Estos equipos de guardavidas estar\u00e1n coordinados con personal de Marina, Fuerza Civil y Protecci\u00f3n Civil Estatal. <\/p>\n\n\n\n<p>En la playa, contaremos con un total de 80 elementos entre guardavidas y personal encargado de emitir recomendaciones.<\/p>\n\n\n\n<p>El director de Protecci\u00f3n Civil recomend\u00f3 a la poblaci\u00f3n que saldr\u00e1 de vacaciones tomar precauciones adicionales. Es importante asegurarse de cerrar las llaves de agua y gas en las viviendas, as\u00ed como revisar las condiciones f\u00edsicas y mec\u00e1nicas de los veh\u00edculos.<\/p>\n\n\n\n<p>Asimismo, hizo hincapi\u00e9 en que el horario de presencia de los guardavidas en la playa es de 10 de la ma\u00f1ana a 6 de la tarde. Despu\u00e9s de este horario, no habr\u00e1 ninguna autoridad especial en la zona de playas. <\/p>\n\n\n\n<p>Por lo tanto, es fundamental que los visitantes de las playas o balnearios identifiquen las rutas de evacuaci\u00f3n, conozcan los reglamentos de la alberca y respeten los horarios establecidos por los guardavidas.<\/p>\n\n\n\n<p>Es esencial recordar que la bandera roja en las playas indica que no hay condiciones seguras para ingresar al mar, mientras que la bandera amarilla indica que se puede ingresar, pero con precauci\u00f3n.<\/p>\n\n\n\n<p>Los visitantes deben estar atentos a estas indicaciones y actuar de acuerdo con las medidas de seguridad establecidas para garantizar una estancia placentera y sin incidentes en las playas de Boca del R\u00edo durante la temporada de verano.<\/p>\n","protected":false},"excerpt":{"rendered":"<p>Jes\u00fas Utrilla \/ NV Noticias En la Operaci\u00f3n Verano 2023 de Boca del R\u00edo, cerca de 80 elementos est\u00e1n participando activamente para garantizar la seguridad f\u00edsica y patrimonial de los visitantes y residentes, seg\u00fan inform\u00f3 el director de Protecci\u00f3n Civil, Jorge Roberto Rojas Hern\u00e1ndez. Estos elementos incluyen guardavidas y personal operativo. Es importante destacar que [&hellip;]<\/p>\n","protected":false},"author":8,"featured_media":113347,"comment_status":"open","ping_status":"open","sticky":false,"template":"","format":"standard","meta":{"_monsterinsights_skip_tracking":false,"_monsterinsights_sitenote_active":false,"_monsterinsights_sitenote_note":"","_monsterinsights_sitenote_category":0,"footnotes":""},"categories":[154],"tags":[423,26230],"class_list":["post-113345","post","type-post","status-publish","format-standard","has-post-thumbnail","hentry","category-veracruz","tag-boca-del-rio","tag-operativo-vacacional","wp-image-borders"],"amp_enabled":true,"_links":{"self":[{"href":"https:\/\/nvnoticias.mx\/index.php\/wp-json\/wp\/v2\/posts\/113345","targetHints":{"allow":["GET"]}}],"collection":[{"href":"https:\/\/nvnoticias.mx\/index.php\/wp-json\/wp\/v2\/posts"}],"about":[{"href":"https:\/\/nvnoticias.mx\/index.php\/wp-json\/wp\/v2\/types\/post"}],"author":[{"embeddable":true,"href":"https:\/\/nvnoticias.mx\/index.php\/wp-json\/wp\/v2\/users\/8"}],"replies":[{"embeddable":true,"href":"https:\/\/nvnoticias.mx\/index.php\/wp-json\/wp\/v2\/comments?post=113345"}],"version-history":[{"count":1,"href":"https:\/\/nvnoticias.mx\/index.php\/wp-json\/wp\/v2\/posts\/113345\/revisions"}],"predecessor-version":[{"id":113348,"href":"https:\/\/nvnoticias.mx\/index.php\/wp-json\/wp\/v2\/posts\/113345\/revisions\/113348"}],"wp:featuredmedia":[{"embeddable":true,"href":"https:\/\/nvnoticias.mx\/index.php\/wp-json\/wp\/v2\/media\/113347"}],"wp:attachment":[{"href":"https:\/\/nvnoticias.mx\/index.php\/wp-json\/wp\/v2\/media?parent=113345"}],"wp:term":[{"taxonomy":"category","embeddable":true,"href":"https:\/\/nvnoticias.mx\/index.php\/wp-json\/wp\/v2\/categories?post=113345"},{"taxonomy":"post_tag","embeddable":true,"href":"https:\/\/nvnoticias.mx\/index.php\/wp-json\/wp\/v2\/tags?post=113345"}],"curies":[{"name":"wp","href":"https:\/\/api.w.org\/{rel}","templated":true}]}}