{"id":113331,"date":"2023-07-11T15:22:11","date_gmt":"2023-07-11T20:22:11","guid":{"rendered":"https:\/\/nvnoticias.mx\/?p=113331"},"modified":"2023-07-11T15:22:13","modified_gmt":"2023-07-11T20:22:13","slug":"se-resiste-mc-a-aliarse-con-va-por-mexico","status":"publish","type":"post","link":"https:\/\/nvnoticias.mx\/index.php\/2023\/07\/11\/se-resiste-mc-a-aliarse-con-va-por-mexico\/","title":{"rendered":"\u2018Se resiste\u2019 MC a aliarse con Va por M\u00e9xico"},"content":{"rendered":"\n<p>Dante Delgado, coordinador nacional de Movimiento Ciudadano (MC), neg\u00f3 este martes 11 de julio que su partido busque aliarse con la<strong> coalici\u00f3n Va por M\u00e9xico<\/strong> para apoyar la candidatura de la panista X\u00f3chitl G\u00e1lvez.<\/p>\n\n\n\n<p>En entrevista con Ciro G\u00f3mez Leyva, Delgado reiter\u00f3 que su partido lleva <strong>un proceso rumbo a 2024 independiente<\/strong> y enfatiz\u00f3 que G\u00e1lvez a\u00fan no es candidata. \u201cElla no es candidata, solo est\u00e1 participando en un proceso, todav\u00eda no hay candidatura\u201d, remarc\u00f3.<\/p>\n\n\n\n<p>Adem\u00e1s, explic\u00f3 que ser\u00eda una falta de respeto que los dirigentes de Va por M\u00e9xico vean a X\u00f3chitl G\u00e1lvez como la candidata c<strong>uando a\u00fan el proceso no ha terminado.<\/strong><\/p>\n\n\n\n<blockquote class=\"wp-block-quote is-layout-flow wp-block-quote-is-layout-flow\"><p><strong>\u201cX\u00f3chitl no es candidata <\/strong>de acuerdo con los procedimientos, adelantar un resultado es faltarle al respeto por parte de ellos a todos los dem\u00e1s candidatos\u201d, sostuvo.<\/p><\/blockquote>\n\n\n\n<p>Por esta raz\u00f3n, anunci\u00f3 que este viernes 14 de julio dar\u00e1 a conocer los lineamientos que seguir\u00e1 Movimiento Ciudadano <strong>rumbo a las elecciones de 2024.<\/strong><\/p>\n\n\n\n<p>Fuente: <a href=\"https:\/\/www.elfinanciero.com.mx\/nacional\/2023\/07\/11\/mc-se-resiste-a-aliarse-con-va-por-mexico-dante-delgado-niega-apoyo-a-xochitl-galvez\/\" data-type=\"URL\" data-id=\"https:\/\/www.elfinanciero.com.mx\/nacional\/2023\/07\/11\/mc-se-resiste-a-aliarse-con-va-por-mexico-dante-delgado-niega-apoyo-a-xochitl-galvez\/\">El Financiero<\/a><\/p>\n","protected":false},"excerpt":{"rendered":"<p>Dante Delgado, coordinador nacional de Movimiento Ciudadano (MC), neg\u00f3 este martes 11 de julio que su partido busque aliarse con la coalici\u00f3n Va por M\u00e9xico para apoyar la candidatura de la panista X\u00f3chitl G\u00e1lvez. En entrevista con Ciro G\u00f3mez Leyva, Delgado reiter\u00f3 que su partido lleva un proceso rumbo a 2024 independiente y enfatiz\u00f3 que [&hellip;]<\/p>\n","protected":false},"author":35,"featured_media":110689,"comment_status":"open","ping_status":"open","sticky":false,"template":"","format":"standard","meta":{"_monsterinsights_skip_tracking":false,"_monsterinsights_sitenote_active":false,"_monsterinsights_sitenote_note":"","_monsterinsights_sitenote_category":0,"footnotes":""},"categories":[158],"tags":[687,794],"class_list":["post-113331","post","type-post","status-publish","format-standard","has-post-thumbnail","hentry","category-politica","tag-movimiento-ciudadano","tag-va-por-mexico","wp-image-borders"],"amp_enabled":true,"_links":{"self":[{"href":"https:\/\/nvnoticias.mx\/index.php\/wp-json\/wp\/v2\/posts\/113331","targetHints":{"allow":["GET"]}}],"collection":[{"href":"https:\/\/nvnoticias.mx\/index.php\/wp-json\/wp\/v2\/posts"}],"about":[{"href":"https:\/\/nvnoticias.mx\/index.php\/wp-json\/wp\/v2\/types\/post"}],"author":[{"embeddable":true,"href":"https:\/\/nvnoticias.mx\/index.php\/wp-json\/wp\/v2\/users\/35"}],"replies":[{"embeddable":true,"href":"https:\/\/nvnoticias.mx\/index.php\/wp-json\/wp\/v2\/comments?post=113331"}],"version-history":[{"count":1,"href":"https:\/\/nvnoticias.mx\/index.php\/wp-json\/wp\/v2\/posts\/113331\/revisions"}],"predecessor-version":[{"id":113332,"href":"https:\/\/nvnoticias.mx\/index.php\/wp-json\/wp\/v2\/posts\/113331\/revisions\/113332"}],"wp:featuredmedia":[{"embeddable":true,"href":"https:\/\/nvnoticias.mx\/index.php\/wp-json\/wp\/v2\/media\/110689"}],"wp:attachment":[{"href":"https:\/\/nvnoticias.mx\/index.php\/wp-json\/wp\/v2\/media?parent=113331"}],"wp:term":[{"taxonomy":"category","embeddable":true,"href":"https:\/\/nvnoticias.mx\/index.php\/wp-json\/wp\/v2\/categories?post=113331"},{"taxonomy":"post_tag","embeddable":true,"href":"https:\/\/nvnoticias.mx\/index.php\/wp-json\/wp\/v2\/tags?post=113331"}],"curies":[{"name":"wp","href":"https:\/\/api.w.org\/{rel}","templated":true}]}}