{"id":113305,"date":"2023-07-11T12:49:33","date_gmt":"2023-07-11T17:49:33","guid":{"rendered":"https:\/\/nvnoticias.mx\/?p=113305"},"modified":"2023-07-11T12:49:34","modified_gmt":"2023-07-11T17:49:34","slug":"ponen-en-marcha-el-operativo-salvavidas-verano-2023","status":"publish","type":"post","link":"https:\/\/nvnoticias.mx\/index.php\/2023\/07\/11\/ponen-en-marcha-el-operativo-salvavidas-verano-2023\/","title":{"rendered":"Ponen en marcha el Operativo Salvavidas Verano 2023"},"content":{"rendered":"\n<p><strong>Jes\u00fas Utrilla \/ NV Noticias<\/strong><\/p>\n\n\n\n<p>La Secretar\u00eda de Marina puso en marcha el Operativo Salvavidas Verano 2023, el cual se mantendr\u00e1 vigente hasta el 20 de agosto, con el objetivo de velar por la seguridad de los visitantes durante el periodo vacacional de verano. <\/p>\n\n\n\n<p>Miguel \u00c1ngel Espinosa Pacheco, en representaci\u00f3n de la Tercera Regi\u00f3n Naval, mencion\u00f3 que se llevar\u00e1 a cabo una vigilancia constante en las playas de mayor afluencia tur\u00edstica.\u00a0<\/p>\n\n\n\n<p>Adem\u00e1s, se reforzar\u00e1n los operativos por tierra y aire con el fin de garantizar unos d\u00edas de asueto sin incidentes.<\/p>\n\n\n\n<blockquote class=\"wp-block-quote is-layout-flow wp-block-quote-is-layout-flow\"><p>&#8220;<em>Nuestra vocaci\u00f3n es contribuir al bienestar de los ciudadanos, y entre las acciones que llevaremos a cabo destacan los recorridos para reforzar la seguridad p\u00fablica, el incremento de las operaciones mar\u00edtimas, el destacamento de personal m\u00e9dico y nadadores de rescate en las playas m\u00e1s visitadas, as\u00ed como una intensificaci\u00f3n de la vigilancia por aire, mar y tierra. Nuestro objetivo es salvaguardar la integridad humana<\/em>&#8220;, afirm\u00f3 Espinosa Pacheco.<\/p><\/blockquote>\n\n\n\n<p>Como parte de este operativo, se instalar\u00e1n puestos de socorro en diversos municipios del estado, y participar\u00e1n diferentes dependencias para cuidar a aquellos que visiten las playas.<\/p>\n\n\n\n<blockquote class=\"wp-block-quote is-layout-flow wp-block-quote-is-layout-flow\"><p>&#8220;<em>Las instituciones que formamos parte de la Operaci\u00f3n Salvavidas, a trav\u00e9s de nuestro personal, pondremos todo nuestro empe\u00f1o y dedicaci\u00f3n en beneficio de la poblaci\u00f3n veracruzana y de quienes nos visitan. Hacemos un llamado a disfrutar de manera sana y segura de las playas veracruzanas<\/em>&#8220;, agreg\u00f3.<\/p><\/blockquote>\n\n\n\n<p>Cabe destacar que este operativo busca beneficiar tanto a los turistas nacionales como extranjeros que elijan las playas como destino durante esta temporada vacacional. La Secretar\u00eda de Marina reitera su compromiso con la ciudadan\u00eda para salvaguardar su integridad y garantizar unas vacaciones seguras y placenteras para todos.<\/p>\n","protected":false},"excerpt":{"rendered":"<p>Jes\u00fas Utrilla \/ NV Noticias La Secretar\u00eda de Marina puso en marcha el Operativo Salvavidas Verano 2023, el cual se mantendr\u00e1 vigente hasta el 20 de agosto, con el objetivo de velar por la seguridad de los visitantes durante el periodo vacacional de verano. Miguel \u00c1ngel Espinosa Pacheco, en representaci\u00f3n de la Tercera Regi\u00f3n Naval, [&hellip;]<\/p>\n","protected":false},"author":8,"featured_media":113306,"comment_status":"open","ping_status":"open","sticky":false,"template":"","format":"standard","meta":{"_monsterinsights_skip_tracking":false,"_monsterinsights_sitenote_active":false,"_monsterinsights_sitenote_note":"","_monsterinsights_sitenote_category":0,"footnotes":""},"categories":[154],"tags":[26222,162,4756],"class_list":["post-113305","post","type-post","status-publish","format-standard","has-post-thumbnail","hentry","category-veracruz","tag-operativo-salvavidas-2023","tag-portada","tag-vacaciones-de-verano","wp-image-borders"],"amp_enabled":true,"_links":{"self":[{"href":"https:\/\/nvnoticias.mx\/index.php\/wp-json\/wp\/v2\/posts\/113305","targetHints":{"allow":["GET"]}}],"collection":[{"href":"https:\/\/nvnoticias.mx\/index.php\/wp-json\/wp\/v2\/posts"}],"about":[{"href":"https:\/\/nvnoticias.mx\/index.php\/wp-json\/wp\/v2\/types\/post"}],"author":[{"embeddable":true,"href":"https:\/\/nvnoticias.mx\/index.php\/wp-json\/wp\/v2\/users\/8"}],"replies":[{"embeddable":true,"href":"https:\/\/nvnoticias.mx\/index.php\/wp-json\/wp\/v2\/comments?post=113305"}],"version-history":[{"count":1,"href":"https:\/\/nvnoticias.mx\/index.php\/wp-json\/wp\/v2\/posts\/113305\/revisions"}],"predecessor-version":[{"id":113307,"href":"https:\/\/nvnoticias.mx\/index.php\/wp-json\/wp\/v2\/posts\/113305\/revisions\/113307"}],"wp:featuredmedia":[{"embeddable":true,"href":"https:\/\/nvnoticias.mx\/index.php\/wp-json\/wp\/v2\/media\/113306"}],"wp:attachment":[{"href":"https:\/\/nvnoticias.mx\/index.php\/wp-json\/wp\/v2\/media?parent=113305"}],"wp:term":[{"taxonomy":"category","embeddable":true,"href":"https:\/\/nvnoticias.mx\/index.php\/wp-json\/wp\/v2\/categories?post=113305"},{"taxonomy":"post_tag","embeddable":true,"href":"https:\/\/nvnoticias.mx\/index.php\/wp-json\/wp\/v2\/tags?post=113305"}],"curies":[{"name":"wp","href":"https:\/\/api.w.org\/{rel}","templated":true}]}}