{"id":113282,"date":"2023-07-11T12:12:32","date_gmt":"2023-07-11T17:12:32","guid":{"rendered":"https:\/\/nvnoticias.mx\/?p=113282"},"modified":"2023-07-11T12:12:34","modified_gmt":"2023-07-11T17:12:34","slug":"comision-disciplinaria-multa-a-queretaro-por-las-malas-condiciones-de-la-cancha","status":"publish","type":"post","link":"https:\/\/nvnoticias.mx\/index.php\/2023\/07\/11\/comision-disciplinaria-multa-a-queretaro-por-las-malas-condiciones-de-la-cancha\/","title":{"rendered":"Comisi\u00f3n Disciplinaria multa a Quer\u00e9taro por las malas condiciones de la cancha"},"content":{"rendered":"\n<p>Quer\u00e9taro\u00a0recibi\u00f3 una multa por parte de la\u00a0Comisi\u00f3n Disciplinaria\u00a0de la\u00a0Federaci\u00f3n Mexicana de Futbol\u00a0por las malas condiciones de la cancha del\u00a0Estadio La Corregidora.<\/p>\n\n\n\n<p>D\u00edas despu\u00e9s de que se diera a conocer que el partido de la Jornada 2 del\u00a0Apertura 2023 de la Liga MX\u00a0entre\u00a0Gallos Blancos y Am\u00e9rica iba a ser reprogramado por el estado del terreno de juego, viene la sanci\u00f3n econ\u00f3mica.<\/p>\n\n\n\n<p>Se dio a conocer la noticia de la multa a trav\u00e9s de un comunicado de prensa por parte de la FMF, donde no se revel\u00f3 como tal la cantidad a pagar por parte del cuadro queretano.<\/p>\n\n\n\n<blockquote class=\"wp-block-quote is-layout-flow wp-block-quote-is-layout-flow\"><p>&#8220;<em>La Comisi\u00f3n Disciplinaria informa que, determin\u00f3 sancionar econ\u00f3micamente al club Gallos Blancos de Quer\u00e9taro, toda vez que transgredi\u00f3 el Reglamento de Sanciones de la Federaci\u00f3n Mexicana de F\u00fatbol, en particular el art\u00edculo 51 Inciso b), al igual que el Reglamento de Competencia de la LIGA MX en su art\u00edculo 88.<\/em><\/p><\/blockquote>\n\n\n\n<blockquote class=\"wp-block-quote is-layout-flow wp-block-quote-is-layout-flow\"><p>&#8220;<em>Finalmente, se apercibe al Club Gallos Blancos de Quer\u00e9taro, ya que en caso de que este tipo de situaciones vuelvan a acontecer, la Comisi\u00f3n Disciplinaria podr\u00e1 imponer sanciones m\u00e1s severas en su contra<\/em>&#8220;, se lee en el comunicado.<\/p><\/blockquote>\n\n\n\n<p>La\u00a0Liga MX\u00a0realiz\u00f3 una serie de peritajes a la cancha del Estadio La Corregidora y por tanto se determin\u00f3 que el campo no estaba en condiciones de recibir el partido de la jornada 2 ante las \u00c1guilas.<\/p>\n\n\n\n<p>Esto fue debido a que sufri\u00f3 da\u00f1os considerables por no seguir correctamente los protocolos para el desmontaje de un evento masivo que se realiz\u00f3 el pasado 25 de junio.<\/p>\n\n\n\n<p>Fuente: <a href=\"https:\/\/www.tudn.com\/futbol\/liga-mx\/queretaro-recibe-multa-fmf-malas-condiciones-cancha\">TUDN<\/a><\/p>\n","protected":false},"excerpt":{"rendered":"<p>Quer\u00e9taro\u00a0recibi\u00f3 una multa por parte de la\u00a0Comisi\u00f3n Disciplinaria\u00a0de la\u00a0Federaci\u00f3n Mexicana de Futbol\u00a0por las malas condiciones de la cancha del\u00a0Estadio La Corregidora. D\u00edas despu\u00e9s de que se diera a conocer que el partido de la Jornada 2 del\u00a0Apertura 2023 de la Liga MX\u00a0entre\u00a0Gallos Blancos y Am\u00e9rica iba a ser reprogramado por el estado del terreno de [&hellip;]<\/p>\n","protected":false},"author":8,"featured_media":113290,"comment_status":"open","ping_status":"open","sticky":false,"template":"","format":"standard","meta":{"_monsterinsights_skip_tracking":false,"_monsterinsights_sitenote_active":false,"_monsterinsights_sitenote_note":"","_monsterinsights_sitenote_category":0,"footnotes":""},"categories":[159],"tags":[15210,11410,2633,5193,913],"class_list":["post-113282","post","type-post","status-publish","format-standard","has-post-thumbnail","hentry","category-deportes","tag-comision-disciplinaria","tag-estadio-la-corregidora","tag-fmf","tag-multa","tag-queretaro","wp-image-borders"],"amp_enabled":true,"_links":{"self":[{"href":"https:\/\/nvnoticias.mx\/index.php\/wp-json\/wp\/v2\/posts\/113282","targetHints":{"allow":["GET"]}}],"collection":[{"href":"https:\/\/nvnoticias.mx\/index.php\/wp-json\/wp\/v2\/posts"}],"about":[{"href":"https:\/\/nvnoticias.mx\/index.php\/wp-json\/wp\/v2\/types\/post"}],"author":[{"embeddable":true,"href":"https:\/\/nvnoticias.mx\/index.php\/wp-json\/wp\/v2\/users\/8"}],"replies":[{"embeddable":true,"href":"https:\/\/nvnoticias.mx\/index.php\/wp-json\/wp\/v2\/comments?post=113282"}],"version-history":[{"count":1,"href":"https:\/\/nvnoticias.mx\/index.php\/wp-json\/wp\/v2\/posts\/113282\/revisions"}],"predecessor-version":[{"id":113291,"href":"https:\/\/nvnoticias.mx\/index.php\/wp-json\/wp\/v2\/posts\/113282\/revisions\/113291"}],"wp:featuredmedia":[{"embeddable":true,"href":"https:\/\/nvnoticias.mx\/index.php\/wp-json\/wp\/v2\/media\/113290"}],"wp:attachment":[{"href":"https:\/\/nvnoticias.mx\/index.php\/wp-json\/wp\/v2\/media?parent=113282"}],"wp:term":[{"taxonomy":"category","embeddable":true,"href":"https:\/\/nvnoticias.mx\/index.php\/wp-json\/wp\/v2\/categories?post=113282"},{"taxonomy":"post_tag","embeddable":true,"href":"https:\/\/nvnoticias.mx\/index.php\/wp-json\/wp\/v2\/tags?post=113282"}],"curies":[{"name":"wp","href":"https:\/\/api.w.org\/{rel}","templated":true}]}}