{"id":113277,"date":"2023-07-11T12:01:02","date_gmt":"2023-07-11T17:01:02","guid":{"rendered":"https:\/\/nvnoticias.mx\/?p=113277"},"modified":"2023-07-11T12:01:03","modified_gmt":"2023-07-11T17:01:03","slug":"incremento-el-precio-de-la-vivienda-panorama-es-alentador-en-materia-inmobiliaria","status":"publish","type":"post","link":"https:\/\/nvnoticias.mx\/index.php\/2023\/07\/11\/incremento-el-precio-de-la-vivienda-panorama-es-alentador-en-materia-inmobiliaria\/","title":{"rendered":"Increment\u00f3 el precio de la vivienda; panorama es alentador en materia inmobiliaria"},"content":{"rendered":"\n<p><strong>Jes\u00fas Utrilla \/ NV Noticias<\/strong><\/p>\n\n\n\n<p>El sector inmobiliario contin\u00faa mostrando un panorama prometedor con expectativas positivas de crecimiento. Sin embargo, la vivienda se ha visto afectada por los tiempos de construcci\u00f3n y los elevados costos de los materiales.<\/p>\n\n\n\n<p>Sergio Lavalle Garc\u00e9s, presidente en Veracruz de la Asociaci\u00f3n Mexicana de Profesionales Inmobiliarios (AMPI), se\u00f1al\u00f3 que el alza de insumos impact\u00f3 en el precio de la vivienda hasta en 15 por ciento, por lo cual los desarrolladores ajustaron la oferta de vivienda.<\/p>\n\n\n\n<p>A pesar del incremento en las tasas de inter\u00e9s bancarias, y los factores mencionados, la inversi\u00f3n y la demanda en este sector se mantiene.<\/p>\n\n\n\n<p>Incluso el Instituto del Fondo Nacional de la Vivienda para los Trabajadores (Infonavit) est\u00e1 lanzando productos innovadores y atractivos. Estas iniciativas abren nuevas oportunidades para que m\u00e1s personas puedan acceder a cr\u00e9ditos hipotecarios y adquirir una vivienda propia.<\/p>\n\n\n\n<blockquote class=\"wp-block-quote is-layout-flow wp-block-quote-is-layout-flow\"><p>\u201c<em>Siempre tenemos expectativas positivas en el crecimiento del sector inmobiliario, sobre todo ahora que sigue habiendo mucha inversi\u00f3n y demanda, a pesar de que las tasas de inter\u00e9s en los bancos incrementaron. Infonavit tambi\u00e9n est\u00e1 lanzando productos interesantes que est\u00e1 permitiendo que m\u00e1s personas tengan acceso a cr\u00e9ditos hipotecarios para adquirir una vivienda<\/em>\u201d.\u00a0<\/p><\/blockquote>\n\n\n\n<p>La combinaci\u00f3n de una s\u00f3lida inversi\u00f3n en el sector inmobiliario y las propuestas de Infonavit est\u00e1 generando un impacto significativo en la industria.\u00a0El acceso ampliado a los cr\u00e9ditos hipotecarios no solo beneficia a los solicitantes, sino que tambi\u00e9n impulsa la actividad econ\u00f3mica en general. Insisti\u00f3 en que el panorama es alentador para este segundo semestre del a\u00f1o.<\/p>\n\n\n\n<blockquote class=\"wp-block-quote is-layout-flow wp-block-quote-is-layout-flow\"><p>\u201c<em>El inter\u00e9s social sigue un poco afectado pero el residencial medio o plus est\u00e1 funcionando muy bien, igual la parte comercial con las inversiones como Constellation Brands, la din\u00e1mica del puerto, los parques industriales. Estos parques industriales est\u00e1n creciendo en la periferia de la ciudad y est\u00e1 creciendo muy bien el mercado. Tenemos muy buenas expectativas<\/em>\u201d.\u00a0<\/p><\/blockquote>\n\n\n\n<p>Insisti\u00f3 en que existe confianza en el mercado inmobiliario, a pesar de las fluctuaciones en las tasas de inter\u00e9s. La demanda persistente de viviendas y la disponibilidad de productos financieros innovadores son factores clave que respaldan el crecimiento sostenido de este sector.<\/p>\n\n\n\n<p>El sector inmobiliario se mantiene como un \u00e1rea potencial, con una inversi\u00f3n s\u00f3lida y una demanda constante.\u00a0Las propuestas atractivas de Infonavit est\u00e1n facilitando el acceso a cr\u00e9ditos hipotecarios y no solo beneficia a los solicitantes, sino que tambi\u00e9n impulsa el crecimiento econ\u00f3mico en general.<\/p>\n","protected":false},"excerpt":{"rendered":"<p>Jes\u00fas Utrilla \/ NV Noticias El sector inmobiliario contin\u00faa mostrando un panorama prometedor con expectativas positivas de crecimiento. Sin embargo, la vivienda se ha visto afectada por los tiempos de construcci\u00f3n y los elevados costos de los materiales. Sergio Lavalle Garc\u00e9s, presidente en Veracruz de la Asociaci\u00f3n Mexicana de Profesionales Inmobiliarios (AMPI), se\u00f1al\u00f3 que el [&hellip;]<\/p>\n","protected":false},"author":8,"featured_media":113279,"comment_status":"open","ping_status":"open","sticky":false,"template":"","format":"standard","meta":{"_monsterinsights_skip_tracking":false,"_monsterinsights_sitenote_active":false,"_monsterinsights_sitenote_note":"","_monsterinsights_sitenote_category":0,"footnotes":""},"categories":[154],"tags":[2808,1271],"class_list":["post-113277","post","type-post","status-publish","format-standard","has-post-thumbnail","hentry","category-veracruz","tag-precio","tag-vivienda","wp-image-borders"],"amp_enabled":true,"_links":{"self":[{"href":"https:\/\/nvnoticias.mx\/index.php\/wp-json\/wp\/v2\/posts\/113277","targetHints":{"allow":["GET"]}}],"collection":[{"href":"https:\/\/nvnoticias.mx\/index.php\/wp-json\/wp\/v2\/posts"}],"about":[{"href":"https:\/\/nvnoticias.mx\/index.php\/wp-json\/wp\/v2\/types\/post"}],"author":[{"embeddable":true,"href":"https:\/\/nvnoticias.mx\/index.php\/wp-json\/wp\/v2\/users\/8"}],"replies":[{"embeddable":true,"href":"https:\/\/nvnoticias.mx\/index.php\/wp-json\/wp\/v2\/comments?post=113277"}],"version-history":[{"count":1,"href":"https:\/\/nvnoticias.mx\/index.php\/wp-json\/wp\/v2\/posts\/113277\/revisions"}],"predecessor-version":[{"id":113280,"href":"https:\/\/nvnoticias.mx\/index.php\/wp-json\/wp\/v2\/posts\/113277\/revisions\/113280"}],"wp:featuredmedia":[{"embeddable":true,"href":"https:\/\/nvnoticias.mx\/index.php\/wp-json\/wp\/v2\/media\/113279"}],"wp:attachment":[{"href":"https:\/\/nvnoticias.mx\/index.php\/wp-json\/wp\/v2\/media?parent=113277"}],"wp:term":[{"taxonomy":"category","embeddable":true,"href":"https:\/\/nvnoticias.mx\/index.php\/wp-json\/wp\/v2\/categories?post=113277"},{"taxonomy":"post_tag","embeddable":true,"href":"https:\/\/nvnoticias.mx\/index.php\/wp-json\/wp\/v2\/tags?post=113277"}],"curies":[{"name":"wp","href":"https:\/\/api.w.org\/{rel}","templated":true}]}}