{"id":113237,"date":"2023-07-10T16:44:59","date_gmt":"2023-07-10T21:44:59","guid":{"rendered":"https:\/\/nvnoticias.mx\/?p=113237"},"modified":"2023-07-10T16:45:00","modified_gmt":"2023-07-10T21:45:00","slug":"restauranteros-de-boca-del-rio-esperan-repunte-en-ventas-por-las-fiestas-de-santa-ana","status":"publish","type":"post","link":"https:\/\/nvnoticias.mx\/index.php\/2023\/07\/10\/restauranteros-de-boca-del-rio-esperan-repunte-en-ventas-por-las-fiestas-de-santa-ana\/","title":{"rendered":"Restauranteros de Boca del R\u00edo esperan repunte en ventas por las fiestas de Santa Ana"},"content":{"rendered":"\n<p><strong>Jes\u00fas Utrilla \/ NV Noticias <\/strong><\/p>\n\n\n\n<p>Los restaurantes de la ciudad de Boca del R\u00edo esperan un incremento en sus ventas debido a la celebraci\u00f3n de las fiestas de Santana. <\/p>\n\n\n\n<p>Lorenzo Montalvo Iglesias, presidente de la Asociaci\u00f3n de Restauranteros de Boca del R\u00edo, record\u00f3 que uno de los platos estrella ser\u00e1 el filete relleno de mariscos, que medir\u00e1 100 metros de largo.<\/p>\n\n\n\n<p>Para prepararlo, se utilizar\u00e1 una tonelada y media de pescados y mariscos.<\/p>\n\n\n\n<p>Se estima que alrededor de 5 mil personas podr\u00e1n deleitarse con este delicioso platillo, que promete ser una experiencia \u00fanica y memorable.<\/p>\n\n\n\n<p>Pero eso no es todo, Montalvo tambi\u00e9n anunci\u00f3 que durante ese fin de semana se llevar\u00e1n a cabo diversas actividades para atraer a los visitantes. Una de ellas ser\u00e1 una verbena popular en la cabecera municipal, rumbo a Santa Ana.<\/p>\n\n\n\n<p>Habr\u00e1 teatro, danza, danz\u00f3n y, por la noche, se vivir\u00e1 una noche retro tanto el s\u00e1bado como el domingo. <\/p>\n\n\n\n<p>Estas actividades prometen diversi\u00f3n para todos los asistentes y enriquecer\u00e1n la experiencia de los turistas que visiten Boca del R\u00edo.Adem\u00e1s, se inform\u00f3 que se realizar\u00e1 la preparaci\u00f3n de un torito de mil litros, lo cual contribuir\u00e1 a reactivar la econom\u00eda del centro de Boca del R\u00edo.<\/p>\n\n\n\n<p>La participaci\u00f3n tanto de la iglesia como de los restaurantes de Boca del R\u00edo es clave para su \u00e9xito. <\/p>\n\n\n\n<p>Se espera un incremento de hasta un 70% u 80% en la ocupaci\u00f3n de los restaurantes durante este per\u00edodo festivo, siendo el d\u00eda del filete el m\u00e1s importante y alcanzando el 100% de ocupaci\u00f3n.<\/p>\n\n\n\n<p>Estas fiestas de Santa Ana no solo beneficiar\u00e1n a los restaurantes, sino que tambi\u00e9n impulsar\u00e1n el turismo y las vacaciones de verano en la zona. <\/p>\n\n\n\n<p>Los conciertos masivos y el ambiente festivo atraer\u00e1n un mayor inter\u00e9s tanto de turistas como de los habitantes de Boca del R\u00edo. <\/p>\n\n\n\n<p>Se espera que estos eventos sean un \u00e9xito rotundo y que generen un impacto positivo en la econom\u00eda local.<\/p>\n\n\n\n<p>Los restaurantes de Boca del R\u00edo est\u00e1n listos para recibir a los comensales durante las fiestas de Santa Ana, esperando un aumento significativo en sus ventas. <\/p>\n\n\n\n<p>Con la preparaci\u00f3n de un filete relleno de mariscos de 100 metros de largo y una tonelada y media de pescados y mariscos, as\u00ed como una variedad de actividades festivas.<\/p>\n","protected":false},"excerpt":{"rendered":"<p>Jes\u00fas Utrilla \/ NV Noticias Los restaurantes de la ciudad de Boca del R\u00edo esperan un incremento en sus ventas debido a la celebraci\u00f3n de las fiestas de Santana. Lorenzo Montalvo Iglesias, presidente de la Asociaci\u00f3n de Restauranteros de Boca del R\u00edo, record\u00f3 que uno de los platos estrella ser\u00e1 el filete relleno de mariscos, [&hellip;]<\/p>\n","protected":false},"author":8,"featured_media":113239,"comment_status":"open","ping_status":"open","sticky":false,"template":"","format":"standard","meta":{"_monsterinsights_skip_tracking":false,"_monsterinsights_sitenote_active":false,"_monsterinsights_sitenote_note":"","_monsterinsights_sitenote_category":0,"footnotes":""},"categories":[154],"tags":[16368,13045],"class_list":["post-113237","post","type-post","status-publish","format-standard","has-post-thumbnail","hentry","category-veracruz","tag-fiestas-de-santa-ana","tag-restauranteros","wp-image-borders"],"amp_enabled":true,"_links":{"self":[{"href":"https:\/\/nvnoticias.mx\/index.php\/wp-json\/wp\/v2\/posts\/113237","targetHints":{"allow":["GET"]}}],"collection":[{"href":"https:\/\/nvnoticias.mx\/index.php\/wp-json\/wp\/v2\/posts"}],"about":[{"href":"https:\/\/nvnoticias.mx\/index.php\/wp-json\/wp\/v2\/types\/post"}],"author":[{"embeddable":true,"href":"https:\/\/nvnoticias.mx\/index.php\/wp-json\/wp\/v2\/users\/8"}],"replies":[{"embeddable":true,"href":"https:\/\/nvnoticias.mx\/index.php\/wp-json\/wp\/v2\/comments?post=113237"}],"version-history":[{"count":1,"href":"https:\/\/nvnoticias.mx\/index.php\/wp-json\/wp\/v2\/posts\/113237\/revisions"}],"predecessor-version":[{"id":113240,"href":"https:\/\/nvnoticias.mx\/index.php\/wp-json\/wp\/v2\/posts\/113237\/revisions\/113240"}],"wp:featuredmedia":[{"embeddable":true,"href":"https:\/\/nvnoticias.mx\/index.php\/wp-json\/wp\/v2\/media\/113239"}],"wp:attachment":[{"href":"https:\/\/nvnoticias.mx\/index.php\/wp-json\/wp\/v2\/media?parent=113237"}],"wp:term":[{"taxonomy":"category","embeddable":true,"href":"https:\/\/nvnoticias.mx\/index.php\/wp-json\/wp\/v2\/categories?post=113237"},{"taxonomy":"post_tag","embeddable":true,"href":"https:\/\/nvnoticias.mx\/index.php\/wp-json\/wp\/v2\/tags?post=113237"}],"curies":[{"name":"wp","href":"https:\/\/api.w.org\/{rel}","templated":true}]}}