{"id":113226,"date":"2023-07-10T14:52:16","date_gmt":"2023-07-10T19:52:16","guid":{"rendered":"https:\/\/nvnoticias.mx\/?p=113226"},"modified":"2023-07-10T14:52:18","modified_gmt":"2023-07-10T19:52:18","slug":"continua-la-rehabilitacion-del-parque-zamora-en-veracruz","status":"publish","type":"post","link":"https:\/\/nvnoticias.mx\/index.php\/2023\/07\/10\/continua-la-rehabilitacion-del-parque-zamora-en-veracruz\/","title":{"rendered":"Contin\u00faa la rehabilitaci\u00f3n del parque Zamora en Veracruz"},"content":{"rendered":"\n<p><strong>Jes\u00fas Utrilla \/ NV Noticias<\/strong><\/p>\n\n\n\n<p>La alcaldesa de Veracruz, Patricia Lobeira Rodr\u00edguez, inform\u00f3 que las obras de rehabilitaci\u00f3n del parque Zamora contin\u00faan en marcha y se espera que concluyan en septiembre.<\/p>\n\n\n\n<p>Actualmente, el avance es del 10 por ciento, y uno de los aspectos destacados del proyecto es la instalaci\u00f3n de un piso homog\u00e9neo para las banquetas del centro de la ciudad y el z\u00f3calo.<\/p>\n\n\n\n<p>La siguiente etapa del proyecto comenzar\u00e1 en dos meses, una vez que se haya concluido el proyecto ejecutivo.<\/p>\n\n\n\n<p>La alcaldesa mencion\u00f3 que se ha demolido todo lo que no era necesario y ahora est\u00e1n a la espera de la llegada del piso que se utilizar\u00e1 tanto en las banquetas como en el z\u00f3calo. Esta mejora en la infraestructura mejorar\u00e1 notablemente la imagen del parque.<\/p>\n\n\n\n<p>Lobeira record\u00f3 que la infraestructura hidr\u00e1ulica del parque tiene m\u00e1s de cien a\u00f1os y es necesario renovarla antes de proceder con la pavimentaci\u00f3n y la colocaci\u00f3n del nuevo piso.<\/p>\n\n\n\n<p>Adem\u00e1s de las obras en el parque Zamora, la autoridad municipal ha dado inicio a la rehabilitaci\u00f3n de la Avenida Texolo del Fraccionamiento Torrentes, al norte de la ciudad de Veracruz, utilizando concreto hidr\u00e1ulico.<\/p>\n\n\n\n<p>Esta obra, que requiri\u00f3 una inversi\u00f3n de 15 millones de pesos, se espera que dure cerca de tres meses en completarse.<\/p>\n\n\n\n<p>La alcaldesa resalt\u00f3 la importancia de esta obra, ya que conectar\u00e1 a todos los R\u00edo Medios y servir\u00e1 como una entrada principal.<\/p>\n\n\n\n<p>Esta solicitud de mejora ha sido una demanda de la comunidad desde hace tiempo, por lo que se decidi\u00f3 atenderla. La inversi\u00f3n de 15 millones de pesos en esta vialidad beneficiar\u00e1 a varios fraccionamientos de la zona norte y es parte de los esfuerzos para mejorar gradualmente la calidad de vida de los habitantes de la zona.<\/p>\n","protected":false},"excerpt":{"rendered":"<p>Jes\u00fas Utrilla \/ NV Noticias La alcaldesa de Veracruz, Patricia Lobeira Rodr\u00edguez, inform\u00f3 que las obras de rehabilitaci\u00f3n del parque Zamora contin\u00faan en marcha y se espera que concluyan en septiembre. Actualmente, el avance es del 10 por ciento, y uno de los aspectos destacados del proyecto es la instalaci\u00f3n de un piso homog\u00e9neo para [&hellip;]<\/p>\n","protected":false},"author":8,"featured_media":113227,"comment_status":"open","ping_status":"open","sticky":false,"template":"","format":"standard","meta":{"_monsterinsights_skip_tracking":false,"_monsterinsights_sitenote_active":false,"_monsterinsights_sitenote_note":"","_monsterinsights_sitenote_category":0,"footnotes":""},"categories":[154],"tags":[2933,367],"class_list":["post-113226","post","type-post","status-publish","format-standard","has-post-thumbnail","hentry","category-veracruz","tag-parque-zamora","tag-rehabilitacion","wp-image-borders"],"amp_enabled":true,"_links":{"self":[{"href":"https:\/\/nvnoticias.mx\/index.php\/wp-json\/wp\/v2\/posts\/113226","targetHints":{"allow":["GET"]}}],"collection":[{"href":"https:\/\/nvnoticias.mx\/index.php\/wp-json\/wp\/v2\/posts"}],"about":[{"href":"https:\/\/nvnoticias.mx\/index.php\/wp-json\/wp\/v2\/types\/post"}],"author":[{"embeddable":true,"href":"https:\/\/nvnoticias.mx\/index.php\/wp-json\/wp\/v2\/users\/8"}],"replies":[{"embeddable":true,"href":"https:\/\/nvnoticias.mx\/index.php\/wp-json\/wp\/v2\/comments?post=113226"}],"version-history":[{"count":1,"href":"https:\/\/nvnoticias.mx\/index.php\/wp-json\/wp\/v2\/posts\/113226\/revisions"}],"predecessor-version":[{"id":113228,"href":"https:\/\/nvnoticias.mx\/index.php\/wp-json\/wp\/v2\/posts\/113226\/revisions\/113228"}],"wp:featuredmedia":[{"embeddable":true,"href":"https:\/\/nvnoticias.mx\/index.php\/wp-json\/wp\/v2\/media\/113227"}],"wp:attachment":[{"href":"https:\/\/nvnoticias.mx\/index.php\/wp-json\/wp\/v2\/media?parent=113226"}],"wp:term":[{"taxonomy":"category","embeddable":true,"href":"https:\/\/nvnoticias.mx\/index.php\/wp-json\/wp\/v2\/categories?post=113226"},{"taxonomy":"post_tag","embeddable":true,"href":"https:\/\/nvnoticias.mx\/index.php\/wp-json\/wp\/v2\/tags?post=113226"}],"curies":[{"name":"wp","href":"https:\/\/api.w.org\/{rel}","templated":true}]}}