{"id":113203,"date":"2023-07-10T13:46:28","date_gmt":"2023-07-10T18:46:28","guid":{"rendered":"https:\/\/nvnoticias.mx\/?p=113203"},"modified":"2023-07-10T13:46:29","modified_gmt":"2023-07-10T18:46:29","slug":"ingresa-polvo-del-sahara-a-territorio-mexicano","status":"publish","type":"post","link":"https:\/\/nvnoticias.mx\/index.php\/2023\/07\/10\/ingresa-polvo-del-sahara-a-territorio-mexicano\/","title":{"rendered":"Ingresa polvo del Sahara a territorio mexicano"},"content":{"rendered":"\n<p>Desde el pasado viernes y durante el transcurso del fin de semana <strong>ingres\u00f3 a territorio mexicano <\/strong>una <strong>nube de polvo del Sahara,<\/strong> el desierto m\u00e1s grande del mundo ubicado al norte de \u00c1frica,fen\u00f3meno que <strong>puede propiciar diversas afectaciones <\/strong>en algunas zonas del pa\u00eds.<\/p>\n\n\n\n<p>De acuerdo con el Servicio Meteorol\u00f3gico Nacional (SMN), la pluma de polvo se arrastr\u00f3 sobre la Pen\u00ednsula de Yucat\u00e1n, aunque <strong>se espera un nuevo pulso con concentraciones bajas <\/strong>para la siguiente semana, que va del lunes 10 al viernes 14 de julio, sobre el territorio nacional.<\/p>\n\n\n\n<p>Ante el fen\u00f3meno meteorol\u00f3gico, la dependencia de la Comisi\u00f3n Nacional del Agua <strong>(Conagua)<\/strong> aclar\u00f3 que <strong>no representa un riesgo para la poblaci\u00f3n;<\/strong> sin embargo, puede tener <strong>efectos adversos en la formaci\u00f3n de nubes <\/strong>y alterar los ciclos de lluvia.<\/p>\n\n\n\n<figure class=\"wp-block-image\"><img decoding=\"async\" src=\"https:\/\/www.infobae.com\/new-resizer\/ly4p2tQmZMHG3TPrHfn2AQfVXs8=\/545x341\/filters:format(webp):quality(85)\/cloudfront-us-east-1.images.arcpublishing.com\/infobae\/EZQXY4U6KVFBVGZZS73DVIMIHY.jpg\" alt=\"infobae\"\/><\/figure>\n\n\n\n<p>Aunque no se tiene un pron\u00f3stico puntual de afectaciones por zonas, se espera, con base en datos de a\u00f1os anteriores, que ingrese por la Pen\u00ednsula de Yucat\u00e1n y cubra los estados de <strong>Campeche, Quintana Roo, Tabasco, <\/strong>con posibilidad de llegar a <strong>Tamaulipas y Veracruz, <\/strong>para posteriormente desplazarse hacia el sureste de Estados Unidos <strong>(EEUU).<\/strong><\/p>\n\n\n\n<p>La <strong>cantidad de polvo sahariano,<\/strong> que se desprende desde la regi\u00f3n del Sahel a\u00f1o con a\u00f1o durante la primavera y el verano, cuando se registran altas temperaturas y bajas presiones, <strong>var\u00eda en funci\u00f3n de la intensidad del viento<\/strong> y la concentraci\u00f3n del mismo sobre \u00c1frica.<\/p>\n\n\n\n<p>Seg\u00fan el Centro Nacional de Prevenci\u00f3n de Desastres <strong>(Cenapred),<\/strong> com\u00fanmente el polvo ingresa directamente por el oriente y el sureste del territorio mexicano, aunque las <strong>concentraciones no logran llegar al centro del pa\u00eds<\/strong> gracias a la Sierra Madre Oriental, que act\u00faa como una barrera natural.<\/p>\n\n\n\n<p>Fuente: <a href=\"https:\/\/www.infobae.com\/mexico\/2023\/07\/10\/polvo-del-sahara-2023-cuando-llega-a-mexico-y-que-estados-se-veran-afectados\/\" data-type=\"URL\" data-id=\"https:\/\/www.infobae.com\/mexico\/2023\/07\/10\/polvo-del-sahara-2023-cuando-llega-a-mexico-y-que-estados-se-veran-afectados\/\">Infobae<\/a><\/p>\n","protected":false},"excerpt":{"rendered":"<p>Desde el pasado viernes y durante el transcurso del fin de semana ingres\u00f3 a territorio mexicano una nube de polvo del Sahara, el desierto m\u00e1s grande del mundo ubicado al norte de \u00c1frica,fen\u00f3meno que puede propiciar diversas afectaciones en algunas zonas del pa\u00eds. De acuerdo con el Servicio Meteorol\u00f3gico Nacional (SMN), la pluma de polvo [&hellip;]<\/p>\n","protected":false},"author":35,"featured_media":18287,"comment_status":"open","ping_status":"open","sticky":false,"template":"","format":"standard","meta":{"_monsterinsights_skip_tracking":false,"_monsterinsights_sitenote_active":false,"_monsterinsights_sitenote_note":"","_monsterinsights_sitenote_category":0,"footnotes":""},"categories":[181],"tags":[10616,2597,4948,13362],"class_list":["post-113203","post","type-post","status-publish","format-standard","has-post-thumbnail","hentry","category-internacional","tag-ingresa","tag-mexicano","tag-polvo-del-sahara","tag-territorio","wp-image-borders"],"amp_enabled":true,"_links":{"self":[{"href":"https:\/\/nvnoticias.mx\/index.php\/wp-json\/wp\/v2\/posts\/113203","targetHints":{"allow":["GET"]}}],"collection":[{"href":"https:\/\/nvnoticias.mx\/index.php\/wp-json\/wp\/v2\/posts"}],"about":[{"href":"https:\/\/nvnoticias.mx\/index.php\/wp-json\/wp\/v2\/types\/post"}],"author":[{"embeddable":true,"href":"https:\/\/nvnoticias.mx\/index.php\/wp-json\/wp\/v2\/users\/35"}],"replies":[{"embeddable":true,"href":"https:\/\/nvnoticias.mx\/index.php\/wp-json\/wp\/v2\/comments?post=113203"}],"version-history":[{"count":1,"href":"https:\/\/nvnoticias.mx\/index.php\/wp-json\/wp\/v2\/posts\/113203\/revisions"}],"predecessor-version":[{"id":113205,"href":"https:\/\/nvnoticias.mx\/index.php\/wp-json\/wp\/v2\/posts\/113203\/revisions\/113205"}],"wp:featuredmedia":[{"embeddable":true,"href":"https:\/\/nvnoticias.mx\/index.php\/wp-json\/wp\/v2\/media\/18287"}],"wp:attachment":[{"href":"https:\/\/nvnoticias.mx\/index.php\/wp-json\/wp\/v2\/media?parent=113203"}],"wp:term":[{"taxonomy":"category","embeddable":true,"href":"https:\/\/nvnoticias.mx\/index.php\/wp-json\/wp\/v2\/categories?post=113203"},{"taxonomy":"post_tag","embeddable":true,"href":"https:\/\/nvnoticias.mx\/index.php\/wp-json\/wp\/v2\/tags?post=113203"}],"curies":[{"name":"wp","href":"https:\/\/api.w.org\/{rel}","templated":true}]}}