{"id":113200,"date":"2023-07-10T13:40:35","date_gmt":"2023-07-10T18:40:35","guid":{"rendered":"https:\/\/nvnoticias.mx\/?p=113200"},"modified":"2023-07-10T13:40:37","modified_gmt":"2023-07-10T18:40:37","slug":"lanza-pio-lopez-obrador-video-apoyando-a-marcelo-ebrard","status":"publish","type":"post","link":"https:\/\/nvnoticias.mx\/index.php\/2023\/07\/10\/lanza-pio-lopez-obrador-video-apoyando-a-marcelo-ebrard\/","title":{"rendered":"Lanza P\u00edo L\u00f3pez Obrador video apoyando a Marcelo Ebrard"},"content":{"rendered":"\n<p>En el proceso para elegir candidato a la presidencia de la Rep\u00fablica, por el <strong>Movimiento Regeneraci\u00f3n Nacional<\/strong> (Morena), \u201cel g\u00e9nero es lo que menos importa\u201d, \u201ces intrascendente\u201d, porque \u201clo que verdaderamente est\u00e1 en juego es el proyecto de naci\u00f3n, que necesariamente tienen que asegurar la continuidad, el fortalecimiento y la consolidaci\u00f3n de la <strong>Cuarta Transformaci\u00f3n<\/strong> de la vida p\u00fablica de M\u00e9xico\u201d, declar\u00f3 <strong>P\u00edo L\u00f3pez Obrador<\/strong>.<\/p>\n\n\n\n<p>En un video que divulg\u00f3 en redes sociales, el hermano del presidente<strong> Andr\u00e9s Manuel L\u00f3pez Obrador<\/strong>, lament\u00f3 que en las reglas que rigen la contienda interna, por medio de encuesta, se haya desechado los debates entre los contendientes, porque \u201cson imprescindibles en este proceso, como en cualquier pa\u00eds democr\u00e1tico\u201d.<\/p>\n\n\n\n<blockquote class=\"wp-block-quote is-layout-flow wp-block-quote-is-layout-flow\"><p>\u201cComo todos sabemos, la forma m\u00e1s adecuada para que la gente conozca a cabalidad los programas y el proyecto de los aspirantes, son los debates. No obstante, desafortunadamente no los aceptaron. Lo impidieron a toda costa, con el pretexto de evitar una supuesta confrontaci\u00f3n entre los aspirantes que terminara por afectar el proceso\u201d, dijo.<\/p><\/blockquote>\n\n\n\n<p>Al rechazar los debates entre los aspirantes a ocupar la candidatura del <strong>Morena<\/strong>, \u201cse cometi\u00f3 un gran error, porque se le abri\u00f3 la puerta a la forma de hacer pol\u00edtica del <strong>PRI<\/strong> de los a\u00f1os 80s\u201d, consider\u00f3.<\/p>\n\n\n\n<blockquote class=\"wp-block-quote is-layout-flow wp-block-quote-is-layout-flow\"><p>\u201cEs decir, se desataron las pr\u00e1cticas priistas que se est\u00e1n aplicando a plena luz del d\u00eda y que consisten entre otras cosas, en el acarreo para asistir a las llamadas asambleas informativas masivas e inundar todas las ciudades de bardas y espectaculares, exhibiendo de esta manera el derroche de recursos y de pronto ignorado, que las bardas y los espectaculares, no emiten opini\u00f3n alguna, ni mucho menos salen a votar\u201d, expuso P\u00edo L\u00f3pez Obrador que ha manifestado su respaldo <strong>Marcelo Ebrard<\/strong>.<\/p><\/blockquote>\n\n\n\n<p>Agreg\u00f3, que con la pinta de bardas y la contrataci\u00f3n de espectaculares, \u201clo \u00fanico que produce es un gran <strong>malestar ciudadano<\/strong>, por la contaminaci\u00f3n visual, el despilfarro de recursos p\u00fablicos y la descarada intervenci\u00f3n de algunos servidores p\u00fablicos de los tres \u00f3rdenes de gobierno, para favorecer a determinados aspirantes\u201d.<\/p>\n\n\n\n<p>Pero tambi\u00e9n se les olvid\u00f3 que con esta patra\u00f1a propagand\u00edstica no van a enga\u00f1ar a la gente, porque el pueblo ya despert\u00f3, tiene consciencia y est\u00e1 politizado y no se est\u00e1 chupando el dedo\u201d, arremeti\u00f3.<\/p>\n\n\n\n<p>Fuente: <a href=\"https:\/\/www.eluniversal.com.mx\/nacion\/pio-lopez-obrador-lanza-video-apoyando-a-marcelo-ebrard-ganara-la-encuesta-de-morena-rumbo-al-2024\/\" data-type=\"URL\" data-id=\"https:\/\/www.eluniversal.com.mx\/nacion\/pio-lopez-obrador-lanza-video-apoyando-a-marcelo-ebrard-ganara-la-encuesta-de-morena-rumbo-al-2024\/\">El Universal<\/a><\/p>\n","protected":false},"excerpt":{"rendered":"<p>En el proceso para elegir candidato a la presidencia de la Rep\u00fablica, por el Movimiento Regeneraci\u00f3n Nacional (Morena), \u201cel g\u00e9nero es lo que menos importa\u201d, \u201ces intrascendente\u201d, porque \u201clo que verdaderamente est\u00e1 en juego es el proyecto de naci\u00f3n, que necesariamente tienen que asegurar la continuidad, el fortalecimiento y la consolidaci\u00f3n de la Cuarta Transformaci\u00f3n [&hellip;]<\/p>\n","protected":false},"author":35,"featured_media":110976,"comment_status":"open","ping_status":"open","sticky":false,"template":"","format":"standard","meta":{"_monsterinsights_skip_tracking":false,"_monsterinsights_sitenote_active":false,"_monsterinsights_sitenote_note":"","_monsterinsights_sitenote_category":0,"footnotes":""},"categories":[158],"tags":[26196,9405,391,18723,147],"class_list":["post-113200","post","type-post","status-publish","format-standard","has-post-thumbnail","hentry","category-politica","tag-apoyando","tag-lanza","tag-marcelo-ebrard","tag-pio-lopez-obrador","tag-video","wp-image-borders"],"amp_enabled":true,"_links":{"self":[{"href":"https:\/\/nvnoticias.mx\/index.php\/wp-json\/wp\/v2\/posts\/113200","targetHints":{"allow":["GET"]}}],"collection":[{"href":"https:\/\/nvnoticias.mx\/index.php\/wp-json\/wp\/v2\/posts"}],"about":[{"href":"https:\/\/nvnoticias.mx\/index.php\/wp-json\/wp\/v2\/types\/post"}],"author":[{"embeddable":true,"href":"https:\/\/nvnoticias.mx\/index.php\/wp-json\/wp\/v2\/users\/35"}],"replies":[{"embeddable":true,"href":"https:\/\/nvnoticias.mx\/index.php\/wp-json\/wp\/v2\/comments?post=113200"}],"version-history":[{"count":1,"href":"https:\/\/nvnoticias.mx\/index.php\/wp-json\/wp\/v2\/posts\/113200\/revisions"}],"predecessor-version":[{"id":113201,"href":"https:\/\/nvnoticias.mx\/index.php\/wp-json\/wp\/v2\/posts\/113200\/revisions\/113201"}],"wp:featuredmedia":[{"embeddable":true,"href":"https:\/\/nvnoticias.mx\/index.php\/wp-json\/wp\/v2\/media\/110976"}],"wp:attachment":[{"href":"https:\/\/nvnoticias.mx\/index.php\/wp-json\/wp\/v2\/media?parent=113200"}],"wp:term":[{"taxonomy":"category","embeddable":true,"href":"https:\/\/nvnoticias.mx\/index.php\/wp-json\/wp\/v2\/categories?post=113200"},{"taxonomy":"post_tag","embeddable":true,"href":"https:\/\/nvnoticias.mx\/index.php\/wp-json\/wp\/v2\/tags?post=113200"}],"curies":[{"name":"wp","href":"https:\/\/api.w.org\/{rel}","templated":true}]}}