{"id":113175,"date":"2023-07-10T11:53:10","date_gmt":"2023-07-10T16:53:10","guid":{"rendered":"https:\/\/nvnoticias.mx\/?p=113175"},"modified":"2023-07-10T12:40:15","modified_gmt":"2023-07-10T17:40:15","slug":"ayuntamiento-de-boca-del-rio-presento-las-fiestas-de-santa-ana-2023","status":"publish","type":"post","link":"https:\/\/nvnoticias.mx\/index.php\/2023\/07\/10\/ayuntamiento-de-boca-del-rio-presento-las-fiestas-de-santa-ana-2023\/","title":{"rendered":"Ayuntamiento de Boca del R\u00edo present\u00f3 las fiestas de Santa Ana 2023"},"content":{"rendered":"\n<p><strong>Jes\u00fas Utrilla \/ NV Noticias<\/strong><\/p>\n\n\n\n<p>Este a\u00f1o Boca del R\u00edo cumple 35 a\u00f1os de haber conseguido el t\u00edtulo de ciudad, por eso cobra relevancia la celebraci\u00f3n de las fiestas de Santa Ana 2023 que habr\u00e1n de desarrollarse del s\u00e1bado 15 de julio al 30 de julio.<\/p>\n\n\n\n<p>El alcalde Juan Manuel de Unanue Abascal, se\u00f1al\u00f3 que se reconocer\u00e1 a la comunidad de pescadores de Boca del R\u00edo porque fueron ellos quienes iniciaron con el homenaje a la imagen religiosa. Ellos ser\u00e1n la imagen central de las fiestas patronales.<\/p>\n\n\n\n<blockquote class=\"wp-block-quote is-layout-flow wp-block-quote-is-layout-flow\"><p>\u201c<em>Son los pescadores que son ellos a quienes les debemos que Santa Ana sea la Petrona del municipio pues la encontraron hace 200 a\u00f1os. Habr\u00e1 actividades religiosas, recreativas y una cartelera de primer nivel<\/em>\u201d.<\/p><\/blockquote>\n\n\n\n<ul class=\"wp-block-list\"><li>El 15 de julio ser\u00e1 la Carrera Santa Ana 2023, en categor\u00edas 3 y 5 k.<\/li><li>El 22 de julio habr\u00e1 un desfile aleg\u00f3rico en la colonia Carranza y el domingo 23 ser\u00e1 la segunda edici\u00f3n de la Carrera Santa Ana 2023. <br><\/li><\/ul>\n\n\n\n<blockquote class=\"wp-block-quote is-layout-flow wp-block-quote-is-layout-flow\"><p>\u201c<em>El mi\u00e9rcoles 26 ser\u00e1 la misa de los abuelos, tambi\u00e9n el paseo acu\u00e1tico por el R\u00edo Jamapa, ofrenda floral y una misa. El jueves 27 habr\u00e1 concursos tradicionales como carrera de meseros y comelones y yardas<\/em>\u201d.<\/p><\/blockquote>\n\n\n\n<p>A las 9 de la noche se coronar\u00e1 a la doncella Del Mar Karla, as\u00ed como a Guillermo Mu\u00f1oz, el Trit\u00f3n. El baile ser\u00e1 a las 10 de la noche con David Zahan.<\/p>\n\n\n\n<p>El viernes 28 a las 3 de la tarde ser\u00e1 el Filete de Mariscos M\u00e1s Grande del Mundo. Esa noche se presentar\u00e1 Luis Antonio L\u00f3pez El Mimoso.<\/p>\n\n\n\n<p>El s\u00e1bado 29 ser\u00e1 el Ba\u00f1o De Boca del R\u00edo, los padrinos ser\u00e1n Ivon Montero y Mario Polo, quien adem\u00e1s tocar\u00e1 sus \u00e9xitos.<\/p>\n\n\n\n<p>Por la noche ser\u00e1 el tercer concierto en la Plaza C\u00edvica con la presencia de La Arrolladora Banda Lim\u00f3n.<\/p>\n\n\n\n<p>El domingo 30 de julio ser\u00e1 el Torito Gigante y se presentar\u00e1 Junior Klan por la noche.<\/p>\n\n\n\n<div class=\"wp-block-image\"><figure class=\"aligncenter size-large\"><img loading=\"lazy\" decoding=\"async\" width=\"1024\" height=\"1024\" src=\"https:\/\/nvnoticias.mx\/wp-content\/uploads\/2023\/07\/WhatsApp-Image-2023-07-10-at-11.24.52-AM-1024x1024.jpeg\" alt=\"\" class=\"wp-image-113182\" srcset=\"https:\/\/nvnoticias.mx\/wp-content\/uploads\/2023\/07\/WhatsApp-Image-2023-07-10-at-11.24.52-AM-1024x1024.jpeg 1024w, https:\/\/nvnoticias.mx\/wp-content\/uploads\/2023\/07\/WhatsApp-Image-2023-07-10-at-11.24.52-AM-300x300.jpeg 300w, https:\/\/nvnoticias.mx\/wp-content\/uploads\/2023\/07\/WhatsApp-Image-2023-07-10-at-11.24.52-AM-150x150.jpeg 150w, https:\/\/nvnoticias.mx\/wp-content\/uploads\/2023\/07\/WhatsApp-Image-2023-07-10-at-11.24.52-AM-768x768.jpeg 768w, https:\/\/nvnoticias.mx\/wp-content\/uploads\/2023\/07\/WhatsApp-Image-2023-07-10-at-11.24.52-AM-600x600.jpeg 600w, https:\/\/nvnoticias.mx\/wp-content\/uploads\/2023\/07\/WhatsApp-Image-2023-07-10-at-11.24.52-AM-100x100.jpeg 100w, https:\/\/nvnoticias.mx\/wp-content\/uploads\/2023\/07\/WhatsApp-Image-2023-07-10-at-11.24.52-AM.jpeg 1080w\" sizes=\"auto, (max-width: 1024px) 100vw, 1024px\" \/><\/figure><\/div>\n","protected":false},"excerpt":{"rendered":"<p>Jes\u00fas Utrilla \/ NV Noticias Este a\u00f1o Boca del R\u00edo cumple 35 a\u00f1os de haber conseguido el t\u00edtulo de ciudad, por eso cobra relevancia la celebraci\u00f3n de las fiestas de Santa Ana 2023 que habr\u00e1n de desarrollarse del s\u00e1bado 15 de julio al 30 de julio. El alcalde Juan Manuel de Unanue Abascal, se\u00f1al\u00f3 que [&hellip;]<\/p>\n","protected":false},"author":8,"featured_media":113177,"comment_status":"open","ping_status":"open","sticky":false,"template":"","format":"standard","meta":{"_monsterinsights_skip_tracking":false,"_monsterinsights_sitenote_active":false,"_monsterinsights_sitenote_note":"","_monsterinsights_sitenote_category":0,"footnotes":""},"categories":[154],"tags":[423,16368],"class_list":["post-113175","post","type-post","status-publish","format-standard","has-post-thumbnail","hentry","category-veracruz","tag-boca-del-rio","tag-fiestas-de-santa-ana","wp-image-borders"],"amp_enabled":true,"_links":{"self":[{"href":"https:\/\/nvnoticias.mx\/index.php\/wp-json\/wp\/v2\/posts\/113175","targetHints":{"allow":["GET"]}}],"collection":[{"href":"https:\/\/nvnoticias.mx\/index.php\/wp-json\/wp\/v2\/posts"}],"about":[{"href":"https:\/\/nvnoticias.mx\/index.php\/wp-json\/wp\/v2\/types\/post"}],"author":[{"embeddable":true,"href":"https:\/\/nvnoticias.mx\/index.php\/wp-json\/wp\/v2\/users\/8"}],"replies":[{"embeddable":true,"href":"https:\/\/nvnoticias.mx\/index.php\/wp-json\/wp\/v2\/comments?post=113175"}],"version-history":[{"count":2,"href":"https:\/\/nvnoticias.mx\/index.php\/wp-json\/wp\/v2\/posts\/113175\/revisions"}],"predecessor-version":[{"id":113183,"href":"https:\/\/nvnoticias.mx\/index.php\/wp-json\/wp\/v2\/posts\/113175\/revisions\/113183"}],"wp:featuredmedia":[{"embeddable":true,"href":"https:\/\/nvnoticias.mx\/index.php\/wp-json\/wp\/v2\/media\/113177"}],"wp:attachment":[{"href":"https:\/\/nvnoticias.mx\/index.php\/wp-json\/wp\/v2\/media?parent=113175"}],"wp:term":[{"taxonomy":"category","embeddable":true,"href":"https:\/\/nvnoticias.mx\/index.php\/wp-json\/wp\/v2\/categories?post=113175"},{"taxonomy":"post_tag","embeddable":true,"href":"https:\/\/nvnoticias.mx\/index.php\/wp-json\/wp\/v2\/tags?post=113175"}],"curies":[{"name":"wp","href":"https:\/\/api.w.org\/{rel}","templated":true}]}}