{"id":112997,"date":"2023-07-08T13:20:31","date_gmt":"2023-07-08T18:20:31","guid":{"rendered":"https:\/\/nvnoticias.mx\/?p=112997"},"modified":"2023-07-08T13:20:31","modified_gmt":"2023-07-08T18:20:31","slug":"el-jueves-claudia-sheinbaum-realizara-un-mitin-en-las-bajadas","status":"publish","type":"post","link":"https:\/\/nvnoticias.mx\/index.php\/2023\/07\/08\/el-jueves-claudia-sheinbaum-realizara-un-mitin-en-las-bajadas\/","title":{"rendered":"El jueves Claudia Sheinbaum realizar\u00e1 un mitin en Las Bajadas"},"content":{"rendered":"\n<p><strong>Jes\u00fas Utrilla | NV Noticias<\/strong><\/p>\n\n\n\n<p>Claudia Sheinbaum visitar\u00e1\u00a0\u00a0Veracruz el jueves 13 de junio. La diputada federal Claudia Tello, inform\u00f3 que la aspirante a la Coordinaci\u00f3n de Defensa de la Transformaci\u00f3n,\u00a0\u00a0realizar\u00e1 un mitin en Las Bajadas.<\/p>\n\n\n\n<p>El evento ser\u00e1 en el campo deportivo de Las Bajadas a las 16:00 horas. Ser\u00e1 una concentraci\u00f3n y el \u00fanico evento que llevar\u00e1 a cabo en Veracruz.<\/p>\n\n\n\n<blockquote class=\"wp-block-quote is-layout-flow wp-block-quote-is-layout-flow\"><p>\u201cEs un saludo que dar\u00e1 ella porque queremos que sea nuestra coordinadora nacional en defensa de los comit\u00e9s de la cuarta transformaci\u00f3n\u201d.<\/p><\/blockquote>\n\n\n\n<p>M\u00e1s adelante efectuar\u00e1 una reuni\u00f3n con mujeres empresarias, sin embargo, no se encuentra confirmada.<\/p>\n\n\n\n<p>Consider\u00f3 a Claudia Sheinbaum Pardo una mujer tranquila, amorosa, estudiosa, que tiene sus conocimientos, actitudes y habilidades para poder llevar al pa\u00eds adelante.<\/p>\n\n\n\n<blockquote class=\"wp-block-quote is-layout-flow wp-block-quote-is-layout-flow\"><p>\u201cMuy contentas las mujeres en todo el pa\u00eds porque hay una respuesta grandiosa, el patriarcado se desarroll\u00f3 por muchos a\u00f1os en nuestro pa\u00eds y el d\u00eda de hoy vemos que podemos cambiar esta situaci\u00f3n, con la doctora\u201d.<\/p><\/blockquote>\n\n\n\n<p>Afirm\u00f3 que es tiempo de las mujeres y se va a derrotar al patriarcado de la mano de Claudia Sheinbaum Pardo.<\/p>\n\n\n\n<p>Insisti\u00f3 en que Claudia Sheinbaum es la mejor opci\u00f3n para encabezar a Morena en las elecciones del 2024.<\/p>\n","protected":false},"excerpt":{"rendered":"<p>Jes\u00fas Utrilla | NV Noticias Claudia Sheinbaum visitar\u00e1\u00a0\u00a0Veracruz el jueves 13 de junio. La diputada federal Claudia Tello, inform\u00f3 que la aspirante a la Coordinaci\u00f3n de Defensa de la Transformaci\u00f3n,\u00a0\u00a0realizar\u00e1 un mitin en Las Bajadas. El evento ser\u00e1 en el campo deportivo de Las Bajadas a las 16:00 horas. Ser\u00e1 una concentraci\u00f3n y el \u00fanico [&hellip;]<\/p>\n","protected":false},"author":7,"featured_media":112998,"comment_status":"open","ping_status":"open","sticky":false,"template":"","format":"standard","meta":{"_monsterinsights_skip_tracking":false,"_monsterinsights_sitenote_active":false,"_monsterinsights_sitenote_note":"","_monsterinsights_sitenote_category":0,"footnotes":""},"categories":[154],"tags":[2801,1140,19819],"class_list":["post-112997","post","type-post","status-publish","format-standard","has-post-thumbnail","hentry","category-veracruz","tag-claudia-sheinbaum","tag-las-bajadas","tag-mitin","wp-image-borders"],"amp_enabled":true,"_links":{"self":[{"href":"https:\/\/nvnoticias.mx\/index.php\/wp-json\/wp\/v2\/posts\/112997","targetHints":{"allow":["GET"]}}],"collection":[{"href":"https:\/\/nvnoticias.mx\/index.php\/wp-json\/wp\/v2\/posts"}],"about":[{"href":"https:\/\/nvnoticias.mx\/index.php\/wp-json\/wp\/v2\/types\/post"}],"author":[{"embeddable":true,"href":"https:\/\/nvnoticias.mx\/index.php\/wp-json\/wp\/v2\/users\/7"}],"replies":[{"embeddable":true,"href":"https:\/\/nvnoticias.mx\/index.php\/wp-json\/wp\/v2\/comments?post=112997"}],"version-history":[{"count":1,"href":"https:\/\/nvnoticias.mx\/index.php\/wp-json\/wp\/v2\/posts\/112997\/revisions"}],"predecessor-version":[{"id":112999,"href":"https:\/\/nvnoticias.mx\/index.php\/wp-json\/wp\/v2\/posts\/112997\/revisions\/112999"}],"wp:featuredmedia":[{"embeddable":true,"href":"https:\/\/nvnoticias.mx\/index.php\/wp-json\/wp\/v2\/media\/112998"}],"wp:attachment":[{"href":"https:\/\/nvnoticias.mx\/index.php\/wp-json\/wp\/v2\/media?parent=112997"}],"wp:term":[{"taxonomy":"category","embeddable":true,"href":"https:\/\/nvnoticias.mx\/index.php\/wp-json\/wp\/v2\/categories?post=112997"},{"taxonomy":"post_tag","embeddable":true,"href":"https:\/\/nvnoticias.mx\/index.php\/wp-json\/wp\/v2\/tags?post=112997"}],"curies":[{"name":"wp","href":"https:\/\/api.w.org\/{rel}","templated":true}]}}