{"id":112960,"date":"2023-07-07T14:09:04","date_gmt":"2023-07-07T19:09:04","guid":{"rendered":"https:\/\/nvnoticias.mx\/?p=112960"},"modified":"2023-07-07T14:09:07","modified_gmt":"2023-07-07T19:09:07","slug":"buscara-cabeza-de-vaca-candidatura-presidencial","status":"publish","type":"post","link":"https:\/\/nvnoticias.mx\/index.php\/2023\/07\/07\/buscara-cabeza-de-vaca-candidatura-presidencial\/","title":{"rendered":"Buscar\u00e1 Cabeza de Vaca candidatura presidencial"},"content":{"rendered":"\n<p>Despu\u00e9s de 10 meses que finaliz\u00f3 su mandato como gobernador de Tamaulipas, Francisco Garc\u00eda Cabeza de Vaca reapareci\u00f3, pero de forma virtual desde la plataforma de Zoom, desde donde acus\u00f3 al gobierno de Andr\u00e9s Manuel L\u00f3pez Obrador de perseguirlo pol\u00edticamente.<\/p>\n\n\n\n<p>Esta ma\u00f1ana su hermano Ismael Garc\u00eda Cabeza de Vaca y la esposa e hijas del exmandatario local, lo registraron ante el Comit\u00e9 Organizador como aspirante a representar el Frente Amplio por M\u00e9xico; posteriormente, acudieron al PAN para notificar su inscripci\u00f3n.<\/p>\n\n\n\n<p>En un mensaje que dio a trav\u00e9s de Zoom y que se transmiti\u00f3 en el PAN, el exgobernador explic\u00f3 que si no acudi\u00f3 a su registro es porque es un perseguido pol\u00edtico del actual Gobierno.<\/p>\n\n\n\n<p>Garc\u00eda Cabeza de Vaca es investigado por la Fiscal\u00eda General de la Rep\u00fablica (FGR) desde agosto de 2020, por la presunta comisi\u00f3n de delitos de delincuencia organizada, lavado de dinero y fraude fiscal.<\/p>\n\n\n\n<p>En tanto, el presidente del PAN, Marko Cort\u00e9s, record\u00f3 que el 12 de julio lanzar\u00e1n una plataforma en donde los aspirantes a representantes de la Construcci\u00f3n del Frente Amplio por M\u00e9xico deber\u00e1n juntar 150 mil firmas para avanzar en el proceso, y quien gane, ser\u00e1 el candidato presidencial de la oposici\u00f3n.\u00a0<\/p>\n\n\n\n<p>Fuente: <a href=\"https:\/\/www.forbes.com.mx\/reaparece-cabeza-de-vaca-de-forma-virtual-buscara-candidatura-presidencial\/\" data-type=\"URL\" data-id=\"https:\/\/www.forbes.com.mx\/reaparece-cabeza-de-vaca-de-forma-virtual-buscara-candidatura-presidencial\/\">Forbes<\/a><\/p>\n","protected":false},"excerpt":{"rendered":"<p>Despu\u00e9s de 10 meses que finaliz\u00f3 su mandato como gobernador de Tamaulipas, Francisco Garc\u00eda Cabeza de Vaca reapareci\u00f3, pero de forma virtual desde la plataforma de Zoom, desde donde acus\u00f3 al gobierno de Andr\u00e9s Manuel L\u00f3pez Obrador de perseguirlo pol\u00edticamente. Esta ma\u00f1ana su hermano Ismael Garc\u00eda Cabeza de Vaca y la esposa e hijas del [&hellip;]<\/p>\n","protected":false},"author":35,"featured_media":78463,"comment_status":"open","ping_status":"open","sticky":false,"template":"","format":"standard","meta":{"_monsterinsights_skip_tracking":false,"_monsterinsights_sitenote_active":false,"_monsterinsights_sitenote_note":"","_monsterinsights_sitenote_category":0,"footnotes":""},"categories":[158],"tags":[9984,1975,1818,6350],"class_list":["post-112960","post","type-post","status-publish","format-standard","has-post-thumbnail","hentry","category-politica","tag-buscara","tag-candidatura","tag-francisco-javier-garcia-cabeza-de-vaca","tag-presidencial","wp-image-borders"],"amp_enabled":true,"_links":{"self":[{"href":"https:\/\/nvnoticias.mx\/index.php\/wp-json\/wp\/v2\/posts\/112960","targetHints":{"allow":["GET"]}}],"collection":[{"href":"https:\/\/nvnoticias.mx\/index.php\/wp-json\/wp\/v2\/posts"}],"about":[{"href":"https:\/\/nvnoticias.mx\/index.php\/wp-json\/wp\/v2\/types\/post"}],"author":[{"embeddable":true,"href":"https:\/\/nvnoticias.mx\/index.php\/wp-json\/wp\/v2\/users\/35"}],"replies":[{"embeddable":true,"href":"https:\/\/nvnoticias.mx\/index.php\/wp-json\/wp\/v2\/comments?post=112960"}],"version-history":[{"count":1,"href":"https:\/\/nvnoticias.mx\/index.php\/wp-json\/wp\/v2\/posts\/112960\/revisions"}],"predecessor-version":[{"id":112961,"href":"https:\/\/nvnoticias.mx\/index.php\/wp-json\/wp\/v2\/posts\/112960\/revisions\/112961"}],"wp:featuredmedia":[{"embeddable":true,"href":"https:\/\/nvnoticias.mx\/index.php\/wp-json\/wp\/v2\/media\/78463"}],"wp:attachment":[{"href":"https:\/\/nvnoticias.mx\/index.php\/wp-json\/wp\/v2\/media?parent=112960"}],"wp:term":[{"taxonomy":"category","embeddable":true,"href":"https:\/\/nvnoticias.mx\/index.php\/wp-json\/wp\/v2\/categories?post=112960"},{"taxonomy":"post_tag","embeddable":true,"href":"https:\/\/nvnoticias.mx\/index.php\/wp-json\/wp\/v2\/tags?post=112960"}],"curies":[{"name":"wp","href":"https:\/\/api.w.org\/{rel}","templated":true}]}}