{"id":112939,"date":"2023-07-07T12:17:22","date_gmt":"2023-07-07T17:17:22","guid":{"rendered":"https:\/\/nvnoticias.mx\/?p=112939"},"modified":"2023-07-07T12:36:25","modified_gmt":"2023-07-07T17:36:25","slug":"otra-vez-falta-agua-en-el-hospital-infantil-de-veracruz","status":"publish","type":"post","link":"https:\/\/nvnoticias.mx\/index.php\/2023\/07\/07\/otra-vez-falta-agua-en-el-hospital-infantil-de-veracruz\/","title":{"rendered":"Otra vez falta agua en el Hospital Infantil de Veracruz"},"content":{"rendered":"\n<p><strong>Jes\u00fas Utrilla \/ NV Noticias<\/strong><\/p>\n\n\n\n<p>Familiares de pacientes reportaron una vez m\u00e1s la falta de agua en el Hospital Infantil de Veracruz, complicando nuevamente las operaciones dentro del nosocomio.<\/p>\n\n\n\n<p>Trabajadores del Hospital dijeron que de manera sorpresiva dejaron de tener el servicio, lo que ocasion\u00f3 que se suspendieran procesos en el hospital.<\/p>\n\n\n\n<p>Explicaron que los ba\u00f1os permanecen sucios y provocan un \u00e1rea insalubre dentro del nosocomio, adem\u00e1s afecta las \u00e1reas por la falta de limpieza y directamente la permanencia de los peque\u00f1os.<\/p>\n\n\n\n<blockquote class=\"wp-block-quote is-layout-flow wp-block-quote-is-layout-flow\"><p>\u201c<em>Fue desde la noche de ayer jueves, de pronto nos percatamos que ya no hab\u00eda agua, esta situaci\u00f3n complica el proceso del hospital\u201d<\/em>.<\/p><\/blockquote>\n\n\n\n<p>Cabe se\u00f1alar que el mes pasado ocurri\u00f3 una situaci\u00f3n similar incluso algunos padres y familiares de pacientes internados se manifestaron y se quejaron porque la falta de agua impide que se realicen cirug\u00edas y se brinde una adecuada atenci\u00f3n<\/p>\n\n\n\n<blockquote class=\"wp-block-quote is-layout-flow wp-block-quote-is-layout-flow\"><p>\u201c<em>Esto afecta a decenas de menores de edad Internad en el lugar y m\u00e1s a\u00fan a peque\u00f1os con padecimiento de C\u00e1ncer, poniendo en jaque su integridad. No hay una acci\u00f3n inmediata por parte de la Direcci\u00f3n General a cargo de Hugo Enrique Reyes Devesa<\/em>\u201d.<\/p><\/blockquote>\n\n\n\n<p>Al respecto familiares de ni\u00f1os internados dentro del Hospital Infantil de Veracruz, solicitan la intervenci\u00f3n inmediata del Gobernador Cuitl\u00e1huac Garc\u00eda, para dar soluci\u00f3n a la brevedad ante tantas necesidades urgentes dentro de este lugar.<\/p>\n","protected":false},"excerpt":{"rendered":"<p>Jes\u00fas Utrilla \/ NV Noticias Familiares de pacientes reportaron una vez m\u00e1s la falta de agua en el Hospital Infantil de Veracruz, complicando nuevamente las operaciones dentro del nosocomio. Trabajadores del Hospital dijeron que de manera sorpresiva dejaron de tener el servicio, lo que ocasion\u00f3 que se suspendieran procesos en el hospital. Explicaron que los [&hellip;]<\/p>\n","protected":false},"author":8,"featured_media":97923,"comment_status":"open","ping_status":"open","sticky":false,"template":"","format":"standard","meta":{"_monsterinsights_skip_tracking":false,"_monsterinsights_sitenote_active":false,"_monsterinsights_sitenote_note":"","_monsterinsights_sitenote_category":0,"footnotes":""},"categories":[154],"tags":[594,4389],"class_list":["post-112939","post","type-post","status-publish","format-standard","has-post-thumbnail","hentry","category-veracruz","tag-agua","tag-hospital-infantil-de-veracruz","wp-image-borders"],"amp_enabled":true,"_links":{"self":[{"href":"https:\/\/nvnoticias.mx\/index.php\/wp-json\/wp\/v2\/posts\/112939","targetHints":{"allow":["GET"]}}],"collection":[{"href":"https:\/\/nvnoticias.mx\/index.php\/wp-json\/wp\/v2\/posts"}],"about":[{"href":"https:\/\/nvnoticias.mx\/index.php\/wp-json\/wp\/v2\/types\/post"}],"author":[{"embeddable":true,"href":"https:\/\/nvnoticias.mx\/index.php\/wp-json\/wp\/v2\/users\/8"}],"replies":[{"embeddable":true,"href":"https:\/\/nvnoticias.mx\/index.php\/wp-json\/wp\/v2\/comments?post=112939"}],"version-history":[{"count":1,"href":"https:\/\/nvnoticias.mx\/index.php\/wp-json\/wp\/v2\/posts\/112939\/revisions"}],"predecessor-version":[{"id":112940,"href":"https:\/\/nvnoticias.mx\/index.php\/wp-json\/wp\/v2\/posts\/112939\/revisions\/112940"}],"wp:featuredmedia":[{"embeddable":true,"href":"https:\/\/nvnoticias.mx\/index.php\/wp-json\/wp\/v2\/media\/97923"}],"wp:attachment":[{"href":"https:\/\/nvnoticias.mx\/index.php\/wp-json\/wp\/v2\/media?parent=112939"}],"wp:term":[{"taxonomy":"category","embeddable":true,"href":"https:\/\/nvnoticias.mx\/index.php\/wp-json\/wp\/v2\/categories?post=112939"},{"taxonomy":"post_tag","embeddable":true,"href":"https:\/\/nvnoticias.mx\/index.php\/wp-json\/wp\/v2\/tags?post=112939"}],"curies":[{"name":"wp","href":"https:\/\/api.w.org\/{rel}","templated":true}]}}