{"id":112833,"date":"2023-07-06T12:01:37","date_gmt":"2023-07-06T17:01:37","guid":{"rendered":"https:\/\/nvnoticias.mx\/?p=112833"},"modified":"2023-07-06T12:01:38","modified_gmt":"2023-07-06T17:01:38","slug":"se-registra-silvano-aureoles-como-aspirante-para-la-candidatura-de-la-oposicion","status":"publish","type":"post","link":"https:\/\/nvnoticias.mx\/index.php\/2023\/07\/06\/se-registra-silvano-aureoles-como-aspirante-para-la-candidatura-de-la-oposicion\/","title":{"rendered":"Se registra Silvano Aureoles como aspirante para la candidatura de la oposici\u00f3n"},"content":{"rendered":"\n<p>El ex gobernador de Michoac\u00e1n, Silvano Aurelos, se registr\u00f3 como aspirante a candidato presidencial del Frente Amplio por M\u00e9xico ante su comit\u00e9 organizador.<\/p>\n\n\n\n<p>En entrevista, el perredista asegur\u00f3 que el diputado presidente, Santiago Creel y la senadora X\u00f3chitl G\u00e1lvez, por congruencia y salud del proceso interno, deber\u00edan pedir licencia a su cargo legislativo.<\/p>\n\n\n\n<p>Indic\u00f3 que \u201cno les har\u00eda da\u00f1o\u201d dejar el fuero tan solo dos meses, adem\u00e1s de que en el frente deben ser congruentes y no caer en las pr\u00e1cticas de las llamadas Corcholatas de Morena.<\/p>\n\n\n\n<p>Respondi\u00f3 al gobierno de Michoac\u00e1n, que esta ma\u00f1ana anunci\u00f3 estaba inhabilitado para aspirar por la Presidencia, al llamarles a trabajar por el estado y dar con los responsables del asesinato de Hip\u00f3lito Mora, as\u00ed como atender la crisis de violencia que se vive en la entidad.<\/p>\n\n\n\n<p>Tras la entrega-recepci\u00f3n de sus documentos al comit\u00e9 organizador, dio un discurso en el que hizo un llamado a la ciudadan\u00eda para construir un mejor pa\u00eds.<\/p>\n\n\n\n<p>Aureoles se\u00f1al\u00f3 que \u00e9l representa a la verdadera izquierda \u201cprogresista, social y democr\u00e1tica\u201d del pa\u00eds.<\/p>\n\n\n\n<p>Por \u00faltimo, pidi\u00f3 un minuto de silencio por las v\u00edctimas de violencia del pa\u00eds y afirm\u00f3 que otro M\u00e9xico es posible.<\/p>\n\n\n\n<p>Fuente: <a href=\"https:\/\/www.milenio.com\/politica\/elecciones\/silvano-aureoles-registra-candidatura-presidencial-oposicion\" data-type=\"URL\" data-id=\"https:\/\/www.milenio.com\/politica\/elecciones\/silvano-aureoles-registra-candidatura-presidencial-oposicion\">Milenio<\/a><\/p>\n","protected":false},"excerpt":{"rendered":"<p>El ex gobernador de Michoac\u00e1n, Silvano Aurelos, se registr\u00f3 como aspirante a candidato presidencial del Frente Amplio por M\u00e9xico ante su comit\u00e9 organizador. En entrevista, el perredista asegur\u00f3 que el diputado presidente, Santiago Creel y la senadora X\u00f3chitl G\u00e1lvez, por congruencia y salud del proceso interno, deber\u00edan pedir licencia a su cargo legislativo. Indic\u00f3 que [&hellip;]<\/p>\n","protected":false},"author":35,"featured_media":100297,"comment_status":"open","ping_status":"open","sticky":false,"template":"","format":"standard","meta":{"_monsterinsights_skip_tracking":false,"_monsterinsights_sitenote_active":false,"_monsterinsights_sitenote_note":"","_monsterinsights_sitenote_category":0,"footnotes":""},"categories":[158],"tags":[4913,1975,2855,17028,3067],"class_list":["post-112833","post","type-post","status-publish","format-standard","has-post-thumbnail","hentry","category-politica","tag-aspirante","tag-candidatura","tag-oposicion","tag-se-registra","tag-silvano-aureoles","wp-image-borders"],"amp_enabled":true,"_links":{"self":[{"href":"https:\/\/nvnoticias.mx\/index.php\/wp-json\/wp\/v2\/posts\/112833","targetHints":{"allow":["GET"]}}],"collection":[{"href":"https:\/\/nvnoticias.mx\/index.php\/wp-json\/wp\/v2\/posts"}],"about":[{"href":"https:\/\/nvnoticias.mx\/index.php\/wp-json\/wp\/v2\/types\/post"}],"author":[{"embeddable":true,"href":"https:\/\/nvnoticias.mx\/index.php\/wp-json\/wp\/v2\/users\/35"}],"replies":[{"embeddable":true,"href":"https:\/\/nvnoticias.mx\/index.php\/wp-json\/wp\/v2\/comments?post=112833"}],"version-history":[{"count":1,"href":"https:\/\/nvnoticias.mx\/index.php\/wp-json\/wp\/v2\/posts\/112833\/revisions"}],"predecessor-version":[{"id":112834,"href":"https:\/\/nvnoticias.mx\/index.php\/wp-json\/wp\/v2\/posts\/112833\/revisions\/112834"}],"wp:featuredmedia":[{"embeddable":true,"href":"https:\/\/nvnoticias.mx\/index.php\/wp-json\/wp\/v2\/media\/100297"}],"wp:attachment":[{"href":"https:\/\/nvnoticias.mx\/index.php\/wp-json\/wp\/v2\/media?parent=112833"}],"wp:term":[{"taxonomy":"category","embeddable":true,"href":"https:\/\/nvnoticias.mx\/index.php\/wp-json\/wp\/v2\/categories?post=112833"},{"taxonomy":"post_tag","embeddable":true,"href":"https:\/\/nvnoticias.mx\/index.php\/wp-json\/wp\/v2\/tags?post=112833"}],"curies":[{"name":"wp","href":"https:\/\/api.w.org\/{rel}","templated":true}]}}