{"id":112803,"date":"2023-07-06T10:35:58","date_gmt":"2023-07-06T15:35:58","guid":{"rendered":"https:\/\/nvnoticias.mx\/?p=112803"},"modified":"2023-07-06T10:35:59","modified_gmt":"2023-07-06T15:35:59","slug":"aprueba-ine-medidas-contra-el-frente-amplio-por-mexico","status":"publish","type":"post","link":"https:\/\/nvnoticias.mx\/index.php\/2023\/07\/06\/aprueba-ine-medidas-contra-el-frente-amplio-por-mexico\/","title":{"rendered":"Aprueba INE medidas contra el Frente Amplio por M\u00e9xico"},"content":{"rendered":"\n<p><strong>El Instituto Nacional Electoral (INE)<\/strong>\u00a0aprob\u00f3 medidas cautelares contra el\u00a0Frente Amplio por M\u00e9xico\u00a0(PAN, PRI, PRD), por la presunta violaci\u00f3n ante el principio de equidad para el futuro proceso electoral federal, durante la sesi\u00f3n extraordinaria de este mi\u00e9rcoles de la Comisi\u00f3n de Quejas y Denuncias.<\/p>\n\n\n\n<p>En atenci\u00f3n a una queja ingresada por\u00a0Morena, la comisi\u00f3n aprob\u00f3 por unanimidad el proyecto propuesto por la Unidad T\u00e9cnica de lo Contencioso, la cual consider\u00f3 que el proceso al que ha convocado el frente para elegir a quien deber\u00e1 ser su representante nacional podr\u00eda implicar actos anticipados de precampa\u00f1a, por lo que les pide ajustarse a los tiempos electorales.<\/p>\n\n\n\n<blockquote class=\"wp-block-quote is-layout-flow wp-block-quote-is-layout-flow\"><p>\u201cSuena similar a un proyecto de hechos que se hizo en un partido pol\u00edtico (Morena), y lo que queda claro que\u00a0<strong>todas las fuerzas pol\u00edticas<\/strong>, que est\u00e1n participando en estos modelos, tienen plena conciencia de que hay una legislaci\u00f3n que norma los procesos internos y que norma lo que no se puede hacer fuera de los periodos establecidos para precampa\u00f1as y campa\u00f1as.<\/p><\/blockquote>\n\n\n\n<blockquote class=\"wp-block-quote is-layout-flow wp-block-quote-is-layout-flow\"><p>\u201cTan pleno conocimiento tienen que lo vienen invocando estos modelos como una violaci\u00f3n a esas reglas; paradoja, porque el partido que denuncia es denunciado por los partidos que hoy son denunciados\u201d, resalt\u00f3 la consejera Claudia Zavala, presidenta de la comisi\u00f3n.<\/p><\/blockquote>\n\n\n\n<p>Cuestion\u00f3 si se trata de actos simulados para darle la vuelta a la legislaci\u00f3n y \u201ctan es as\u00ed que vienen a presentar las denuncias\u201d.<\/p>\n\n\n\n<p><strong>Los consejeros Rita P\u00e9rez y Jorge Monta\u00f1o<\/strong>, a quienes se considera afines a Morena, no se pronunciaron sobre el acuerdo, pero lo votaron a favor, algo que no hicieron la semana pasada con un proyecto similar contra Morena, y con lo cual se rechazaron las medidas cautelares.<\/p>\n\n\n\n<p>El proyecto pide al Tribunal Electoral del Poder Judicial de la Federaci\u00f3n (TEPJF) analizar \u201cel fondo del asunto\u201d .<\/p>\n\n\n\n<p>En la queja, Morena tambi\u00e9n pidi\u00f3 al INE que pidiera a los partidos dejarse de llamar\u00a0Frente Amplio por M\u00e9xico o Va por M\u00e9xico; sin embargo, sobre esa petici\u00f3n se rechaz\u00f3 la medida cautelar, pues se circunscribe a la libertad de expresi\u00f3n; el asunto tambi\u00e9n deber\u00e1 ser analizado por el TEPJF.<\/p>\n\n\n\n<p>Fuente: El Financiero <\/p>\n","protected":false},"excerpt":{"rendered":"<p>El Instituto Nacional Electoral (INE)\u00a0aprob\u00f3 medidas cautelares contra el\u00a0Frente Amplio por M\u00e9xico\u00a0(PAN, PRI, PRD), por la presunta violaci\u00f3n ante el principio de equidad para el futuro proceso electoral federal, durante la sesi\u00f3n extraordinaria de este mi\u00e9rcoles de la Comisi\u00f3n de Quejas y Denuncias. En atenci\u00f3n a una queja ingresada por\u00a0Morena, la comisi\u00f3n aprob\u00f3 por unanimidad [&hellip;]<\/p>\n","protected":false},"author":35,"featured_media":97606,"comment_status":"open","ping_status":"open","sticky":false,"template":"","format":"standard","meta":{"_monsterinsights_skip_tracking":false,"_monsterinsights_sitenote_active":false,"_monsterinsights_sitenote_note":"","_monsterinsights_sitenote_category":0,"footnotes":""},"categories":[158],"tags":[5459,26125,443,4061,162],"class_list":["post-112803","post","type-post","status-publish","format-standard","has-post-thumbnail","hentry","category-politica","tag-contra","tag-frente-amplio","tag-ine","tag-medidas","tag-portada","wp-image-borders"],"amp_enabled":true,"_links":{"self":[{"href":"https:\/\/nvnoticias.mx\/index.php\/wp-json\/wp\/v2\/posts\/112803","targetHints":{"allow":["GET"]}}],"collection":[{"href":"https:\/\/nvnoticias.mx\/index.php\/wp-json\/wp\/v2\/posts"}],"about":[{"href":"https:\/\/nvnoticias.mx\/index.php\/wp-json\/wp\/v2\/types\/post"}],"author":[{"embeddable":true,"href":"https:\/\/nvnoticias.mx\/index.php\/wp-json\/wp\/v2\/users\/35"}],"replies":[{"embeddable":true,"href":"https:\/\/nvnoticias.mx\/index.php\/wp-json\/wp\/v2\/comments?post=112803"}],"version-history":[{"count":4,"href":"https:\/\/nvnoticias.mx\/index.php\/wp-json\/wp\/v2\/posts\/112803\/revisions"}],"predecessor-version":[{"id":112807,"href":"https:\/\/nvnoticias.mx\/index.php\/wp-json\/wp\/v2\/posts\/112803\/revisions\/112807"}],"wp:featuredmedia":[{"embeddable":true,"href":"https:\/\/nvnoticias.mx\/index.php\/wp-json\/wp\/v2\/media\/97606"}],"wp:attachment":[{"href":"https:\/\/nvnoticias.mx\/index.php\/wp-json\/wp\/v2\/media?parent=112803"}],"wp:term":[{"taxonomy":"category","embeddable":true,"href":"https:\/\/nvnoticias.mx\/index.php\/wp-json\/wp\/v2\/categories?post=112803"},{"taxonomy":"post_tag","embeddable":true,"href":"https:\/\/nvnoticias.mx\/index.php\/wp-json\/wp\/v2\/tags?post=112803"}],"curies":[{"name":"wp","href":"https:\/\/api.w.org\/{rel}","templated":true}]}}