{"id":112773,"date":"2023-07-05T16:16:49","date_gmt":"2023-07-05T21:16:49","guid":{"rendered":"https:\/\/nvnoticias.mx\/?p=112773"},"modified":"2023-07-05T16:16:51","modified_gmt":"2023-07-05T21:16:51","slug":"la-f1-revelo-calendario-de-2024-con-24-carreras-regionalizadas-y-unas-en-sabado","status":"publish","type":"post","link":"https:\/\/nvnoticias.mx\/index.php\/2023\/07\/05\/la-f1-revelo-calendario-de-2024-con-24-carreras-regionalizadas-y-unas-en-sabado\/","title":{"rendered":"La F1 revel\u00f3 calendario de 2024 con 24 carreras regionalizadas y unas en s\u00e1bado"},"content":{"rendered":"\n<p>La\u00a0F\u00f3rmula 1\u00a0anunci\u00f3 el calendario de 24 carreras para la temporada 2024, que empezar\u00e1 con\u00a0Grandes Premios en Bar\u00e9in\u00a0(29 feb-2 mar) y\u00a0Arabia Saudita\u00a0(7 mar-9 mar) que se disputar\u00e1n en s\u00e1bado y no en domingo para adaptarse al\u00a0ramad\u00e1n.<\/p>\n\n\n\n<p>La organizaci\u00f3n afirma que en la composici\u00f3n del orden de los Grandes Premios se ha tenido en cuenta la log\u00edstica y la sostenibilidad, con movimientos como ubicar el de Jap\u00f3n en abril (del 5 al 17), el de Azerbaiy\u00e1n en septiembre (del 13 al 15) y terminar la temporada con los de Catar (29 nov-1 dic) y Abu Dabi (6-8 dic).<\/p>\n\n\n\n<blockquote class=\"wp-block-quote is-layout-flow wp-block-quote-is-layout-flow\"><p>&#8220;<em>Ser\u00e1 una temporada emocionante para nuestros aficionados alrededor de todo el mundo. Hay un gran inter\u00e9s y una demanda continua por la F\u00f3rmula 1 y creo que este calendario mantiene el equilibrio correcto entre las carreras tradicionales y el resto de sedes<\/em>&#8220;, indic\u00f3\u00a0Stefano Domenicali,\u00a0presidente de F\u00f3rmula 1.<\/p><\/blockquote>\n\n\n\n<blockquote class=\"wp-block-quote is-layout-flow wp-block-quote-is-layout-flow\"><p>&#8220;<em>Nuestro camino hacia un calendario m\u00e1s sostenible va a continuar en los a\u00f1os sucesivos a medida que agilicemos a\u00fan m\u00e1s las operaciones como parte de nuestro compromiso Net Zero 2030. Tenemos muchas carreras por delante a\u00fan en 2023, incluido el estreno del\u00a0Gran Premio de Las Vegas, y nuestros seguidores pueden esperar m\u00e1s emoci\u00f3n la pr\u00f3xima temporad<\/em>a&#8221;, a\u00f1adi\u00f3.<\/p><\/blockquote>\n\n\n\n<p><strong>Mohammed Ben Sulayem<\/strong>, presidente de la FIA, apunt\u00f3: &#8220;El calendario previsto demuestra algunos pasos importantes hacia nuestros objetivos compartidos. Queremos hacer el espect\u00e1culo mundial de la F\u00f3rmula 1 m\u00e1s eficiente en t\u00e9rminos de sostenibilidad ambiental y m\u00e1s manejable para el personal itinerante que dedica gran parte de su tiempo a nuestro deporte&#8221;.<\/p>\n\n\n\n<p>&#8220;Stefano Domenicali y su equipo ha hecho un gran trabajo para traer lugares nuevos y emocionantes en los mercados emergentes para la F\u00f3rmula 1 y mantenerse fieles a la herencia larga y notable del deporte&#8221;, a\u00f1adi\u00f3.<\/p>\n\n\n\n<p><strong>&#8211; Lista de Grandes Premios de la temporada 2024:<\/strong><\/p>\n\n\n\n<p>29 feb-2 mar: GP Bar\u00e9in<br>7 mar-9 mar: GP Arabia Saud\u00ed<br>22 mar-24 mar: GP Australia<br>5 abr-7 abr: GP Jap\u00f3n<br>19 abr-21 abr: GP China<br>3 may-5 may: GP Miami<br>17 may-19 may: GP Emilia Romagna<br>24 may-26 may: GP M\u00f3naco<br>7 jun-9 jun: GP Canad\u00e1<br>21 jun-23 jun: GP Espa\u00f1a<br>28 jun-30 jun: GRP Austria<br>5 jul-7 jul: GP Reino Unido<br>19 jul-21 jul: GP Hungr\u00eda<br>26 jul-28 jul: GP B\u00e9lgica<br>23 ago-25 ago: GP Pa\u00edses Bajos<br>30 ago-1 sep: GP Italia<br>13 sep-15 sep: GP Azerbaiy\u00e1n<br>20 sep-22 sep: GP Singapur<br>18 oct-20 oct: GP Estados Unidos<br>25 oct-27 oct: GP M\u00e9xico<br>1 nov-3 nov: GP Brasil<br>21 nov-23 nov: GP Las Vegas<br>29 nov- 1 dic: GP Catar<br>6 dic-8 dic: Abu Dabi.<\/p>\n\n\n\n<p>Fuente: <a href=\"https:\/\/www.tudn.com\/formula-1\/formula-1-revelo-calendario-de-2024-con-24-carreras-regionalizadas-y-algunas-en-sabado\">TUDN<\/a><\/p>\n","protected":false},"excerpt":{"rendered":"<p>La\u00a0F\u00f3rmula 1\u00a0anunci\u00f3 el calendario de 24 carreras para la temporada 2024, que empezar\u00e1 con\u00a0Grandes Premios en Bar\u00e9in\u00a0(29 feb-2 mar) y\u00a0Arabia Saudita\u00a0(7 mar-9 mar) que se disputar\u00e1n en s\u00e1bado y no en domingo para adaptarse al\u00a0ramad\u00e1n. La organizaci\u00f3n afirma que en la composici\u00f3n del orden de los Grandes Premios se ha tenido en cuenta la log\u00edstica [&hellip;]<\/p>\n","protected":false},"author":8,"featured_media":27721,"comment_status":"open","ping_status":"open","sticky":false,"template":"","format":"standard","meta":{"_monsterinsights_skip_tracking":false,"_monsterinsights_sitenote_active":false,"_monsterinsights_sitenote_note":"","_monsterinsights_sitenote_category":0,"footnotes":""},"categories":[159],"tags":[510,3652,174],"class_list":["post-112773","post","type-post","status-publish","format-standard","has-post-thumbnail","hentry","category-deportes","tag-510","tag-calendario","tag-formula-1","wp-image-borders"],"amp_enabled":true,"_links":{"self":[{"href":"https:\/\/nvnoticias.mx\/index.php\/wp-json\/wp\/v2\/posts\/112773","targetHints":{"allow":["GET"]}}],"collection":[{"href":"https:\/\/nvnoticias.mx\/index.php\/wp-json\/wp\/v2\/posts"}],"about":[{"href":"https:\/\/nvnoticias.mx\/index.php\/wp-json\/wp\/v2\/types\/post"}],"author":[{"embeddable":true,"href":"https:\/\/nvnoticias.mx\/index.php\/wp-json\/wp\/v2\/users\/8"}],"replies":[{"embeddable":true,"href":"https:\/\/nvnoticias.mx\/index.php\/wp-json\/wp\/v2\/comments?post=112773"}],"version-history":[{"count":1,"href":"https:\/\/nvnoticias.mx\/index.php\/wp-json\/wp\/v2\/posts\/112773\/revisions"}],"predecessor-version":[{"id":112774,"href":"https:\/\/nvnoticias.mx\/index.php\/wp-json\/wp\/v2\/posts\/112773\/revisions\/112774"}],"wp:featuredmedia":[{"embeddable":true,"href":"https:\/\/nvnoticias.mx\/index.php\/wp-json\/wp\/v2\/media\/27721"}],"wp:attachment":[{"href":"https:\/\/nvnoticias.mx\/index.php\/wp-json\/wp\/v2\/media?parent=112773"}],"wp:term":[{"taxonomy":"category","embeddable":true,"href":"https:\/\/nvnoticias.mx\/index.php\/wp-json\/wp\/v2\/categories?post=112773"},{"taxonomy":"post_tag","embeddable":true,"href":"https:\/\/nvnoticias.mx\/index.php\/wp-json\/wp\/v2\/tags?post=112773"}],"curies":[{"name":"wp","href":"https:\/\/api.w.org\/{rel}","templated":true}]}}