{"id":112745,"date":"2023-07-05T14:47:02","date_gmt":"2023-07-05T19:47:02","guid":{"rendered":"https:\/\/nvnoticias.mx\/?p=112745"},"modified":"2023-07-05T14:47:03","modified_gmt":"2023-07-05T19:47:03","slug":"morena-seguira-recibiendo-a-militantes-de-otros-partidos-siempre-y-cuando-sumen-a-la-4-t","status":"publish","type":"post","link":"https:\/\/nvnoticias.mx\/index.php\/2023\/07\/05\/morena-seguira-recibiendo-a-militantes-de-otros-partidos-siempre-y-cuando-sumen-a-la-4-t\/","title":{"rendered":"Morena seguir\u00e1 recibiendo a militantes de otros partidos siempre y cuando sumen a la 4 T"},"content":{"rendered":"\n<p><strong>Jes\u00fas Utrilla \/ NV Noticias<\/strong><\/p>\n\n\n\n<p>Pol\u00edticos de otros partidos pueden sumarse a Morena siempre y cuando su intenci\u00f3n sea sumar, dijo Paola Tenorio Adame, diputada federal por Morena.<\/p>\n\n\n\n<p>Afirm\u00f3 que muchos desean pertenecer al partido, porque est\u00e1 de moda, pero es necesario que exista continuidad en el trabajo realizado en los \u00faltimos a\u00f1os<\/p>\n\n\n\n<blockquote class=\"wp-block-quote is-layout-flow wp-block-quote-is-layout-flow\"><p>&#8220;<em>Morena tiene las puertas abiertas para aquellas personas que realmente se interesen por el futuro de nuestro pa\u00eds. Debe quedar claro que Morena es un proyecto de naci\u00f3n que requiere continuidad. Estamos transformando M\u00e9xico y a\u00fan hay mucho por hacer. El presidente Andr\u00e9s Manuel est\u00e1 a un a\u00f1o de concluir su mandato, pero ha sentado las bases de esta transformaci\u00f3n. Cualquier persona que llegue debe continuar con esta lucha y ser\u00e1 bienvenida<\/em>&#8220;.<\/p><\/blockquote>\n\n\n\n<p>As\u00ed mismo consider\u00f3 que Manuel Huerta Ladr\u00f3n de Guevara, delegado de programas del Bienestar, ser\u00eda la persona indicada para gobernar a partir del 2024. <\/p>\n\n\n\n<p>Adem\u00e1s, reconoci\u00f3 que otra una buena candidata a la gubernatura de Veracruz ser\u00eda Roc\u00edo Nahle Garc\u00eda, actual Secretar\u00eda de Energ\u00eda del gobierno de la Rep\u00fablica.<\/p>\n\n\n\n<p>Por otro lado, inform\u00f3 que Ad\u00e1n Augusto L\u00f3pez Hern\u00e1ndez, aspirante a la Coordinaci\u00f3n de Defensa de la Transformaci\u00f3n, visitar\u00e1 el estado. Primero estar\u00e1 en Tuxpan este mi\u00e9rcoles 5 de julio, ah\u00ed dar\u00e1 su asamblea informativa programada a las 3 de la tarde. <\/p>\n\n\n\n<p>Se trasladar\u00e1 a Poza Rica, en donde tiene programada otra asamblea informativa a las 6:30 de la tarde.<\/p>\n\n\n\n<p>Estar\u00e1 la ma\u00f1ana del jueves 6 de julio en Mart\u00ednez de la Torre y el viernes 7 estar\u00e1 en la ciudad de Veracruz.<\/p>\n","protected":false},"excerpt":{"rendered":"<p>Jes\u00fas Utrilla \/ NV Noticias Pol\u00edticos de otros partidos pueden sumarse a Morena siempre y cuando su intenci\u00f3n sea sumar, dijo Paola Tenorio Adame, diputada federal por Morena. Afirm\u00f3 que muchos desean pertenecer al partido, porque est\u00e1 de moda, pero es necesario que exista continuidad en el trabajo realizado en los \u00faltimos a\u00f1os &#8220;Morena tiene [&hellip;]<\/p>\n","protected":false},"author":8,"featured_media":112748,"comment_status":"open","ping_status":"open","sticky":false,"template":"","format":"standard","meta":{"_monsterinsights_skip_tracking":false,"_monsterinsights_sitenote_active":false,"_monsterinsights_sitenote_note":"","_monsterinsights_sitenote_category":0,"footnotes":""},"categories":[154],"tags":[1451,1209,252],"class_list":["post-112745","post","type-post","status-publish","format-standard","has-post-thumbnail","hentry","category-veracruz","tag-4t","tag-militantes","tag-morena","wp-image-borders"],"amp_enabled":true,"_links":{"self":[{"href":"https:\/\/nvnoticias.mx\/index.php\/wp-json\/wp\/v2\/posts\/112745","targetHints":{"allow":["GET"]}}],"collection":[{"href":"https:\/\/nvnoticias.mx\/index.php\/wp-json\/wp\/v2\/posts"}],"about":[{"href":"https:\/\/nvnoticias.mx\/index.php\/wp-json\/wp\/v2\/types\/post"}],"author":[{"embeddable":true,"href":"https:\/\/nvnoticias.mx\/index.php\/wp-json\/wp\/v2\/users\/8"}],"replies":[{"embeddable":true,"href":"https:\/\/nvnoticias.mx\/index.php\/wp-json\/wp\/v2\/comments?post=112745"}],"version-history":[{"count":1,"href":"https:\/\/nvnoticias.mx\/index.php\/wp-json\/wp\/v2\/posts\/112745\/revisions"}],"predecessor-version":[{"id":112749,"href":"https:\/\/nvnoticias.mx\/index.php\/wp-json\/wp\/v2\/posts\/112745\/revisions\/112749"}],"wp:featuredmedia":[{"embeddable":true,"href":"https:\/\/nvnoticias.mx\/index.php\/wp-json\/wp\/v2\/media\/112748"}],"wp:attachment":[{"href":"https:\/\/nvnoticias.mx\/index.php\/wp-json\/wp\/v2\/media?parent=112745"}],"wp:term":[{"taxonomy":"category","embeddable":true,"href":"https:\/\/nvnoticias.mx\/index.php\/wp-json\/wp\/v2\/categories?post=112745"},{"taxonomy":"post_tag","embeddable":true,"href":"https:\/\/nvnoticias.mx\/index.php\/wp-json\/wp\/v2\/tags?post=112745"}],"curies":[{"name":"wp","href":"https:\/\/api.w.org\/{rel}","templated":true}]}}