{"id":112720,"date":"2023-07-05T13:31:02","date_gmt":"2023-07-05T18:31:02","guid":{"rendered":"https:\/\/nvnoticias.mx\/?p=112720"},"modified":"2023-07-05T13:31:04","modified_gmt":"2023-07-05T18:31:04","slug":"niega-monreal-ser-la-corcholata-de-morena-que-mas-gasta-en-giras","status":"publish","type":"post","link":"https:\/\/nvnoticias.mx\/index.php\/2023\/07\/05\/niega-monreal-ser-la-corcholata-de-morena-que-mas-gasta-en-giras\/","title":{"rendered":"Niega Monreal ser la \u2018corcholata\u2019 de Morena que m\u00e1s gasta en giras"},"content":{"rendered":"\n<p>El exsenador Ricardo Monreal neg\u00f3 este mi\u00e9rcoles 5 de julio que fuera la \u2018corcholata\u2019 de Morena que g<strong>astara m\u00e1s en sus giras informativas.<\/strong><\/p>\n\n\n\n<p>En entrevista con Ciro G\u00f3mez Leyva, Monreal asegur\u00f3 que es el \u00fanico de los aspirantes de Morena que no ha gastado presupuesto en publicidad, luego de que un ejercicio revelara que<strong> Ad\u00e1n Augusto y Sheinbaum son los que m\u00e1s anuncios en las calles tienen pintados.<\/strong><\/p>\n\n\n\n<blockquote class=\"wp-block-quote is-layout-flow wp-block-quote-is-layout-flow\"><p>\u201cMario dice que yo soy el que ha gastado m\u00e1s, ya dije ni la burla perdona, lo que deber\u00eda hacer el partido es regular eso, primero porque est\u00e1 prohibido, segundo porque <strong>eso genera una inequidad y genera una actitud desigual<\/strong>\u201d, sostuvo.<\/p><\/blockquote>\n\n\n\n<p>Ante esto, el legislador explic\u00f3 que no va a presentar ning\u00fan tipo de denuncia, ya que, dijo<strong>, es m\u00e1s fuerte su sentimiento de unidad, <\/strong>pero a\u00f1adi\u00f3 que el partido deber\u00eda de regular y no estar en omisi\u00f3n porque la propaganda de las \u2018corcholatas\u2019 es evidente.<\/p>\n\n\n\n<blockquote class=\"wp-block-quote is-layout-flow wp-block-quote-is-layout-flow\"><p>\u201cYo<strong> decid\u00ed participar y voy a honrar mi palabra<\/strong> en el sentido de no ofender y respetar los resultados y de esperar las 5 encuestas que hemos acordado\u201d, a\u00f1adi\u00f3.<\/p><\/blockquote>\n\n\n\n<p>Adem\u00e1s, el exsenador confes\u00f3 que durante su proceso para contender por la candidatura de Morena se ha sentido \u201cexcluido, no mencionado, incluso hostilizado en mi propio partido, ahora ser\u00eda demasiado contraproducente<strong> decir no acepto, no acepto ser incluido, no acepto caminar<\/strong>\u201d.<\/p>\n\n\n\n<p>Pese a las declaraciones, afirm\u00f3 que para \u00e9l ha sido un honor participar porque \u201cvengo de atr\u00e1s\u201d, aunque la lejan\u00eda con el presidente es un factor que le ha pegado: \u201cEstoy muy tranquilo, gozando este proceso interno y honrando mi palabra\u201d.<\/p>\n\n\n\n<p>En caso de perder la candidatura de Morena, Monreal anticip\u00f3 que no va a regresar en septiembre al Senado, por lo que prefiere continuar en la UNAM y seguir impartiendo sus clases.<\/p>\n\n\n\n<p>Fuente: <a href=\"https:\/\/www.elfinanciero.com.mx\/nacional\/2023\/07\/05\/monreal-niega-ser-la-corcholata-de-morena-que-mas-gasta-en-giras-ya-ni-la-burla-perdonan\/\" data-type=\"URL\" data-id=\"https:\/\/www.elfinanciero.com.mx\/nacional\/2023\/07\/05\/monreal-niega-ser-la-corcholata-de-morena-que-mas-gasta-en-giras-ya-ni-la-burla-perdonan\/\">El Financiero<\/a><\/p>\n","protected":false},"excerpt":{"rendered":"<p>El exsenador Ricardo Monreal neg\u00f3 este mi\u00e9rcoles 5 de julio que fuera la \u2018corcholata\u2019 de Morena que gastara m\u00e1s en sus giras informativas. En entrevista con Ciro G\u00f3mez Leyva, Monreal asegur\u00f3 que es el \u00fanico de los aspirantes de Morena que no ha gastado presupuesto en publicidad, luego de que un ejercicio revelara que Ad\u00e1n [&hellip;]<\/p>\n","protected":false},"author":35,"featured_media":4636,"comment_status":"open","ping_status":"open","sticky":false,"template":"","format":"standard","meta":{"_monsterinsights_skip_tracking":false,"_monsterinsights_sitenote_active":false,"_monsterinsights_sitenote_note":"","_monsterinsights_sitenote_category":0,"footnotes":""},"categories":[158],"tags":[21557,8693,7927,600],"class_list":["post-112720","post","type-post","status-publish","format-standard","has-post-thumbnail","hentry","category-politica","tag-corcholata","tag-giras","tag-niega","tag-ricardo-monreal","wp-image-borders"],"amp_enabled":true,"_links":{"self":[{"href":"https:\/\/nvnoticias.mx\/index.php\/wp-json\/wp\/v2\/posts\/112720","targetHints":{"allow":["GET"]}}],"collection":[{"href":"https:\/\/nvnoticias.mx\/index.php\/wp-json\/wp\/v2\/posts"}],"about":[{"href":"https:\/\/nvnoticias.mx\/index.php\/wp-json\/wp\/v2\/types\/post"}],"author":[{"embeddable":true,"href":"https:\/\/nvnoticias.mx\/index.php\/wp-json\/wp\/v2\/users\/35"}],"replies":[{"embeddable":true,"href":"https:\/\/nvnoticias.mx\/index.php\/wp-json\/wp\/v2\/comments?post=112720"}],"version-history":[{"count":1,"href":"https:\/\/nvnoticias.mx\/index.php\/wp-json\/wp\/v2\/posts\/112720\/revisions"}],"predecessor-version":[{"id":112721,"href":"https:\/\/nvnoticias.mx\/index.php\/wp-json\/wp\/v2\/posts\/112720\/revisions\/112721"}],"wp:featuredmedia":[{"embeddable":true,"href":"https:\/\/nvnoticias.mx\/index.php\/wp-json\/wp\/v2\/media\/4636"}],"wp:attachment":[{"href":"https:\/\/nvnoticias.mx\/index.php\/wp-json\/wp\/v2\/media?parent=112720"}],"wp:term":[{"taxonomy":"category","embeddable":true,"href":"https:\/\/nvnoticias.mx\/index.php\/wp-json\/wp\/v2\/categories?post=112720"},{"taxonomy":"post_tag","embeddable":true,"href":"https:\/\/nvnoticias.mx\/index.php\/wp-json\/wp\/v2\/tags?post=112720"}],"curies":[{"name":"wp","href":"https:\/\/api.w.org\/{rel}","templated":true}]}}