{"id":112707,"date":"2023-07-05T12:42:29","date_gmt":"2023-07-05T17:42:29","guid":{"rendered":"https:\/\/nvnoticias.mx\/?p=112707"},"modified":"2023-07-05T12:42:30","modified_gmt":"2023-07-05T17:42:30","slug":"rojas-le-pone-su-sabor-a-el-glorioso","status":"publish","type":"post","link":"https:\/\/nvnoticias.mx\/index.php\/2023\/07\/05\/rojas-le-pone-su-sabor-a-el-glorioso\/","title":{"rendered":"Rojas le pone su \u2018sabor\u2019 a El Glorioso"},"content":{"rendered":"\n<p>\u201cLa Nestorneta\u201d con placas de Venezuela, comenz\u00f3 la ruta y la primera parada ser\u00e1 buscar la calificaci\u00f3n a la postemporada de El \u00c1guila de Veracruz en la Liga Mexicana de Beisbol, bajo el mando de N\u00e9stor Rojas.<\/p>\n\n\n\n<p>N\u00e9stor Rojas, es apenas el tercer dirigente venezolano en la historia de El \u00c1guila de Veracruz de 1937 a 2023; antes lo hicieron No\u00e9 Maduro en 2004 y Lino Connell en 2016, casualmente, los tres, del estado de Zulia, Venezuela.<\/p>\n\n\n\n<p>Rojas tom\u00f3 las riendas del equipo tras la salida de Mat\u00edas Carrillo e hil\u00f3 siete triunfos, del 23 de junio al 1 de julio, algo que no pasaba desde el 2021, en el regreso de la franquicia, con Leo Rodr\u00edguez III como m\u00e1nager, del 23 al 29 de julio.<\/p>\n\n\n\n<blockquote class=\"wp-block-quote is-layout-flow wp-block-quote-is-layout-flow\"><p>\u201c<em>Para serte honesto, nunca se habla de la racha, se habla del trabajo duro, de la constancia que debemos tener diariamente, tanto dentro como fuera del terreno, gracias a Dios nos han dado los resultados<\/em>.<\/p><\/blockquote>\n\n\n\n<blockquote class=\"wp-block-quote is-layout-flow wp-block-quote-is-layout-flow\"><p>\u201c<em>He sentido la buena qu\u00edmica y la respuesta de los peloteros hac\u00eda mi persona y de igual forma, ellos la sienten de mi parte, he estado con ellos todo el a\u00f1o apoy\u00e1ndolos y gracias a Dios los resultados han sido favorables para nosotros y seguimos trabajando porque la meta a\u00fan no la hemos conseguido<\/em>\u201d, destac\u00f3 Rojas.<\/p><\/blockquote>\n\n\n\n<p>La era del zuliano como dirigente de El Glorioso ha sido marcado por uniforme color rojo y que tiene similitud con su apellido y con el cual \u201cLa Nestorneta\u201d ha sentido el arropo de la fanaticada veracruzana.<\/p>\n\n\n\n<blockquote class=\"wp-block-quote is-layout-flow wp-block-quote-is-layout-flow\"><p>\u201c<em>Agradecido por el apoyo que he sentido de toda la fanaticada de Veracruz, tanto para m\u00ed, como para mis peloteros, el cr\u00e9dito no es m\u00edo, es de los muchachos y gracias a Dios, las cosas han tomado su rumbo<\/em>\u201d, sentenci\u00f3 el venezolano.<\/p><\/blockquote>\n\n\n\n<p>Ahora N\u00e9stor Rojas buscar\u00e1 por tercer a\u00f1o consecutivo meter a El \u00c1guila de Veracruz a postemporada en el aniversario 120 de la organizaci\u00f3n jarocha.<\/p>\n","protected":false},"excerpt":{"rendered":"<p>\u201cLa Nestorneta\u201d con placas de Venezuela, comenz\u00f3 la ruta y la primera parada ser\u00e1 buscar la calificaci\u00f3n a la postemporada de El \u00c1guila de Veracruz en la Liga Mexicana de Beisbol, bajo el mando de N\u00e9stor Rojas. N\u00e9stor Rojas, es apenas el tercer dirigente venezolano en la historia de El \u00c1guila de Veracruz de 1937 [&hellip;]<\/p>\n","protected":false},"author":8,"featured_media":112709,"comment_status":"open","ping_status":"open","sticky":false,"template":"","format":"standard","meta":{"_monsterinsights_skip_tracking":false,"_monsterinsights_sitenote_active":false,"_monsterinsights_sitenote_note":"","_monsterinsights_sitenote_category":0,"footnotes":""},"categories":[159],"tags":[1195,26112],"class_list":["post-112707","post","type-post","status-publish","format-standard","has-post-thumbnail","hentry","category-deportes","tag-el-aguila-de-veracruz","tag-nestor-rojas","wp-image-borders"],"amp_enabled":true,"_links":{"self":[{"href":"https:\/\/nvnoticias.mx\/index.php\/wp-json\/wp\/v2\/posts\/112707","targetHints":{"allow":["GET"]}}],"collection":[{"href":"https:\/\/nvnoticias.mx\/index.php\/wp-json\/wp\/v2\/posts"}],"about":[{"href":"https:\/\/nvnoticias.mx\/index.php\/wp-json\/wp\/v2\/types\/post"}],"author":[{"embeddable":true,"href":"https:\/\/nvnoticias.mx\/index.php\/wp-json\/wp\/v2\/users\/8"}],"replies":[{"embeddable":true,"href":"https:\/\/nvnoticias.mx\/index.php\/wp-json\/wp\/v2\/comments?post=112707"}],"version-history":[{"count":1,"href":"https:\/\/nvnoticias.mx\/index.php\/wp-json\/wp\/v2\/posts\/112707\/revisions"}],"predecessor-version":[{"id":112711,"href":"https:\/\/nvnoticias.mx\/index.php\/wp-json\/wp\/v2\/posts\/112707\/revisions\/112711"}],"wp:featuredmedia":[{"embeddable":true,"href":"https:\/\/nvnoticias.mx\/index.php\/wp-json\/wp\/v2\/media\/112709"}],"wp:attachment":[{"href":"https:\/\/nvnoticias.mx\/index.php\/wp-json\/wp\/v2\/media?parent=112707"}],"wp:term":[{"taxonomy":"category","embeddable":true,"href":"https:\/\/nvnoticias.mx\/index.php\/wp-json\/wp\/v2\/categories?post=112707"},{"taxonomy":"post_tag","embeddable":true,"href":"https:\/\/nvnoticias.mx\/index.php\/wp-json\/wp\/v2\/tags?post=112707"}],"curies":[{"name":"wp","href":"https:\/\/api.w.org\/{rel}","templated":true}]}}