{"id":112700,"date":"2023-07-05T12:12:00","date_gmt":"2023-07-05T17:12:00","guid":{"rendered":"https:\/\/nvnoticias.mx\/?p=112700"},"modified":"2023-07-05T12:12:02","modified_gmt":"2023-07-05T17:12:02","slug":"se-baja-jose-angel-gurria-de-contienda-de-oposicion","status":"publish","type":"post","link":"https:\/\/nvnoticias.mx\/index.php\/2023\/07\/05\/se-baja-jose-angel-gurria-de-contienda-de-oposicion\/","title":{"rendered":"Se baja Jos\u00e9 \u00c1ngel Gurria de contienda de oposici\u00f3n"},"content":{"rendered":"\n<p>El ex secretario de la OCDE,&nbsp;Jos\u00e9 \u00c1ngel Gurr\u00eda,&nbsp;anunci\u00f3 que no competir\u00e1 en el proceso de selecci\u00f3n del responsable para la construcci\u00f3n del Frente Amplio por M\u00e9xico, por lo que&nbsp;los l\u00edderes partidistas le pidieron coadyuvar en plantear los lineamientos&nbsp;de lo que ser\u00e1 un primer gobierno de coalici\u00f3n en M\u00e9xico.<\/p>\n\n\n\n<p>Los dirigentes nacionales del PRI, Alejandro Moreno; del PRD, Jes\u00fas Zambrano; y del PAN, Marko Cort\u00e9s, le pidieron a Jos\u00e9 \u00c1ngel Gurr\u00eda integrar un grupo de expertos y especialistas para que \u201caporten con su visi\u00f3n y profesionalismo, a la construcci\u00f3n de un gobierno de cambio positivo para M\u00e9xico\u201d<\/p>\n\n\n\n<p>Gabriel Quadri se registra como aspirante a la candidatura presidencial de la oposici\u00f3n<br>A trav\u00e9s de un comunicado, detallaron que \u201ces urgente que se lleve a cabo un proyecto de reconstrucci\u00f3n del pa\u00eds ante los p\u00e9simos resultados en los cinco a\u00f1os del gobierno de (Andr\u00e9s Manuel) L\u00f3pez Obrador en materia de seguridad, econom\u00eda, salud, \u00edndice de pobreza y educaci\u00f3n, entre otros\u201d, coincidieron.<\/p>\n\n\n\n<p>Finalmente, los dirigentes agradecieron a Jos\u00e9 \u00c1ngel Gurr\u00eda su disposici\u00f3n a colaborar en este proyecto, que requiere de un perfil apartidista con amplia experiencia y con reconocimiento internacional, para poder aglutinar a los mejores acad\u00e9micos, especialistas y expertos para construir con las mejores ideas el mejor proyecto para que M\u00e9xico salga adelante.<br><\/p>\n\n\n\n<p>Fuente: <a href=\"https:\/\/www.milenio.com\/politica\/elecciones\/jose-angel-gurria-sale-contienda-candidatura-oposicion\" data-type=\"URL\" data-id=\"https:\/\/www.milenio.com\/politica\/elecciones\/jose-angel-gurria-sale-contienda-candidatura-oposicion\">Milenio<\/a> <\/p>\n","protected":false},"excerpt":{"rendered":"<p>El ex secretario de la OCDE,&nbsp;Jos\u00e9 \u00c1ngel Gurr\u00eda,&nbsp;anunci\u00f3 que no competir\u00e1 en el proceso de selecci\u00f3n del responsable para la construcci\u00f3n del Frente Amplio por M\u00e9xico, por lo que&nbsp;los l\u00edderes partidistas le pidieron coadyuvar en plantear los lineamientos&nbsp;de lo que ser\u00e1 un primer gobierno de coalici\u00f3n en M\u00e9xico. Los dirigentes nacionales del PRI, Alejandro Moreno; [&hellip;]<\/p>\n","protected":false},"author":35,"featured_media":58840,"comment_status":"open","ping_status":"open","sticky":false,"template":"","format":"standard","meta":{"_monsterinsights_skip_tracking":false,"_monsterinsights_sitenote_active":false,"_monsterinsights_sitenote_note":"","_monsterinsights_sitenote_category":0,"footnotes":""},"categories":[158],"tags":[15235,26111,2855,20410],"class_list":["post-112700","post","type-post","status-publish","format-standard","has-post-thumbnail","hentry","category-politica","tag-contienda","tag-jose-angel-gurria","tag-oposicion","tag-se-baja","wp-image-borders"],"amp_enabled":true,"_links":{"self":[{"href":"https:\/\/nvnoticias.mx\/index.php\/wp-json\/wp\/v2\/posts\/112700","targetHints":{"allow":["GET"]}}],"collection":[{"href":"https:\/\/nvnoticias.mx\/index.php\/wp-json\/wp\/v2\/posts"}],"about":[{"href":"https:\/\/nvnoticias.mx\/index.php\/wp-json\/wp\/v2\/types\/post"}],"author":[{"embeddable":true,"href":"https:\/\/nvnoticias.mx\/index.php\/wp-json\/wp\/v2\/users\/35"}],"replies":[{"embeddable":true,"href":"https:\/\/nvnoticias.mx\/index.php\/wp-json\/wp\/v2\/comments?post=112700"}],"version-history":[{"count":1,"href":"https:\/\/nvnoticias.mx\/index.php\/wp-json\/wp\/v2\/posts\/112700\/revisions"}],"predecessor-version":[{"id":112701,"href":"https:\/\/nvnoticias.mx\/index.php\/wp-json\/wp\/v2\/posts\/112700\/revisions\/112701"}],"wp:featuredmedia":[{"embeddable":true,"href":"https:\/\/nvnoticias.mx\/index.php\/wp-json\/wp\/v2\/media\/58840"}],"wp:attachment":[{"href":"https:\/\/nvnoticias.mx\/index.php\/wp-json\/wp\/v2\/media?parent=112700"}],"wp:term":[{"taxonomy":"category","embeddable":true,"href":"https:\/\/nvnoticias.mx\/index.php\/wp-json\/wp\/v2\/categories?post=112700"},{"taxonomy":"post_tag","embeddable":true,"href":"https:\/\/nvnoticias.mx\/index.php\/wp-json\/wp\/v2\/tags?post=112700"}],"curies":[{"name":"wp","href":"https:\/\/api.w.org\/{rel}","templated":true}]}}