{"id":112670,"date":"2023-07-04T17:36:00","date_gmt":"2023-07-04T22:36:00","guid":{"rendered":"https:\/\/nvnoticias.mx\/?p=112670"},"modified":"2023-07-04T17:36:01","modified_gmt":"2023-07-04T22:36:01","slug":"le-manda-salma-hayek-un-emotivo-mensaje-a-jenna-ortega","status":"publish","type":"post","link":"https:\/\/nvnoticias.mx\/index.php\/2023\/07\/04\/le-manda-salma-hayek-un-emotivo-mensaje-a-jenna-ortega\/","title":{"rendered":"Le manda Salma Hayek un emotivo mensaje a Jenna Ortega"},"content":{"rendered":"\n<p>Recientemente, ha logrado convertirse en una de las protagonistas favoritas de la exitosa serie de Netflix: &#8216;Black Mirror&#8217;.<\/p>\n\n\n\n<p>Su participaci\u00f3n en uno de los episodios gener\u00f3 una gran aceptaci\u00f3n por parte del p\u00fablico, convirti\u00e9ndose en uno de los favoritos de la audiencia. Esta destacada presencia en una plataforma de streaming tan importante como Netflix la posiciona como un ejemplo a seguir para las futuras generaciones de actrices.<\/p>\n\n\n\n<p>Jenna Ortega se ha destacado como una de las actrices m\u00e1s llamativas actualmente. Su interpretaci\u00f3n en la exitosa serie \u2018Merlina\u2019 captur\u00f3 la atenci\u00f3n del p\u00fablico y se ha convertido en la serie m\u00e1s exitosa de Netflix, superando incluso a producciones ya consolidadas como \u2018Stranger Things\u2019.<\/p>\n\n\n\n<p>Basada en el ic\u00f3nico personaje de la hija de la familia Addams, \u2018Merlina\u2019 logr\u00f3 conquistar el t\u00edtulo de la serie m\u00e1s vista en la historia de Netflix. Jenna Ortega, en el papel protag\u00f3nico de Merlina Adams, recibi\u00f3 elogios tanto de la cr\u00edtica como del p\u00fablico, consolid\u00e1ndola como una de las actrices j\u00f3venes m\u00e1s prometedoras de la industria del entretenimiento.<\/p>\n\n\n\n<p>Salma Hayek comparti\u00f3 una imagen en sus redes sociales en la que aparece junto a Jenna Ortega. Ambas coincidieron en la MET Gala, un prestigioso evento de moda que tuvo lugar en mayo pasado, y Salma decidi\u00f3 compartir la fotograf\u00eda con un mensaje significativo.<\/p>\n\n\n\n<p>En su publicaci\u00f3n, Salma expres\u00f3 su admiraci\u00f3n por la brillante nueva generaci\u00f3n de actrices latinas, en la que incluy\u00f3 a Jenna Ortega. Al afirmar que se inspira cuando est\u00e1 con ellas, Salma resalta la fuerza y la inspiraci\u00f3n que le transmiten estas j\u00f3venes talentosas.<\/p>\n\n\n\n<blockquote class=\"wp-block-quote is-layout-flow wp-block-quote-is-layout-flow\"><p>\u201cSiempre me inspiro cuando salgo con la brillante nueva generaci\u00f3n de actrices latinas, me inyectan fuerza e inspiraci\u00f3n\u201d, escribi\u00f3 Salma.<br><\/p><\/blockquote>\n\n\n\n<p>Fuente: <a href=\"https:\/\/www.milenio.com\/espectaculos\/famosos\/salma-hayek-envia-emotivo-mensaje-jenna-ortega\" data-type=\"URL\" data-id=\"https:\/\/www.milenio.com\/espectaculos\/famosos\/salma-hayek-envia-emotivo-mensaje-jenna-ortega\">Milenio<\/a><\/p>\n","protected":false},"excerpt":{"rendered":"<p>Recientemente, ha logrado convertirse en una de las protagonistas favoritas de la exitosa serie de Netflix: &#8216;Black Mirror&#8217;. Su participaci\u00f3n en uno de los episodios gener\u00f3 una gran aceptaci\u00f3n por parte del p\u00fablico, convirti\u00e9ndose en uno de los favoritos de la audiencia. Esta destacada presencia en una plataforma de streaming tan importante como Netflix la [&hellip;]<\/p>\n","protected":false},"author":35,"featured_media":31402,"comment_status":"open","ping_status":"open","sticky":false,"template":"","format":"standard","meta":{"_monsterinsights_skip_tracking":false,"_monsterinsights_sitenote_active":false,"_monsterinsights_sitenote_note":"","_monsterinsights_sitenote_category":0,"footnotes":""},"categories":[576],"tags":[10900,21621,7606,1498],"class_list":["post-112670","post","type-post","status-publish","format-standard","has-post-thumbnail","hentry","category-ocio","tag-emotivo","tag-jenna-ortega","tag-mensaje","tag-salma-hayek","wp-image-borders"],"amp_enabled":true,"_links":{"self":[{"href":"https:\/\/nvnoticias.mx\/index.php\/wp-json\/wp\/v2\/posts\/112670","targetHints":{"allow":["GET"]}}],"collection":[{"href":"https:\/\/nvnoticias.mx\/index.php\/wp-json\/wp\/v2\/posts"}],"about":[{"href":"https:\/\/nvnoticias.mx\/index.php\/wp-json\/wp\/v2\/types\/post"}],"author":[{"embeddable":true,"href":"https:\/\/nvnoticias.mx\/index.php\/wp-json\/wp\/v2\/users\/35"}],"replies":[{"embeddable":true,"href":"https:\/\/nvnoticias.mx\/index.php\/wp-json\/wp\/v2\/comments?post=112670"}],"version-history":[{"count":1,"href":"https:\/\/nvnoticias.mx\/index.php\/wp-json\/wp\/v2\/posts\/112670\/revisions"}],"predecessor-version":[{"id":112671,"href":"https:\/\/nvnoticias.mx\/index.php\/wp-json\/wp\/v2\/posts\/112670\/revisions\/112671"}],"wp:featuredmedia":[{"embeddable":true,"href":"https:\/\/nvnoticias.mx\/index.php\/wp-json\/wp\/v2\/media\/31402"}],"wp:attachment":[{"href":"https:\/\/nvnoticias.mx\/index.php\/wp-json\/wp\/v2\/media?parent=112670"}],"wp:term":[{"taxonomy":"category","embeddable":true,"href":"https:\/\/nvnoticias.mx\/index.php\/wp-json\/wp\/v2\/categories?post=112670"},{"taxonomy":"post_tag","embeddable":true,"href":"https:\/\/nvnoticias.mx\/index.php\/wp-json\/wp\/v2\/tags?post=112670"}],"curies":[{"name":"wp","href":"https:\/\/api.w.org\/{rel}","templated":true}]}}