{"id":112662,"date":"2023-07-04T17:01:23","date_gmt":"2023-07-04T22:01:23","guid":{"rendered":"https:\/\/nvnoticias.mx\/?p=112662"},"modified":"2023-07-04T17:01:27","modified_gmt":"2023-07-04T22:01:27","slug":"inicia-rehabilitacion-de-la-avenida-ruiz-cortines-en-su-segunda-etapa","status":"publish","type":"post","link":"https:\/\/nvnoticias.mx\/index.php\/2023\/07\/04\/inicia-rehabilitacion-de-la-avenida-ruiz-cortines-en-su-segunda-etapa\/","title":{"rendered":"Inicia rehabilitaci\u00f3n de la avenida Ruiz Cortines en su segunda etapa"},"content":{"rendered":"\n<p>Xalapa, Ver.- Para continuar con el paquete de obras de rehabilitaci\u00f3n con concreto hidr\u00e1ulico en las principales avenidas de la ciudad, este mi\u00e9rcoles 5 de julio inicia la intervenci\u00f3n de la avenida Adolfo Ruiz Cortines en su segunda etapa, misma que comprende el tramo entre la avenida M\u00e1rtires del 28 de Agosto y la calle Francisco V\u00e1zquez, por lo que se recomienda tomar precauciones al circular en la zona.<\/p>\n\n\n\n<p>De acuerdo con el jefe del Departamento de Movilidad Urbana, Alfonso L\u00f3pez Pineda, para esta obra no se plantea una ruta alterna espec\u00edfica, pues el tr\u00e1nsito sobre la avenida se podr\u00e1 seguir realizando en carriles reducidos, \u201cpero se recomienda circular por las avenidas Orizaba, Xalapa, M\u00e1rtires o \u00c1vila Camacho, con el fin de evitar la zona de obra\u201d, explic\u00f3.<\/p>\n\n\n\n<p>Detall\u00f3 que mientras se interviene un primer cuerpo de la avenida, los veh\u00edculos podr\u00e1n transitar por el cuerpo restante en doble sentido, ello, bajo la supervisi\u00f3n y coordinaci\u00f3n de elementos de la Polic\u00eda Municipal y de la Direcci\u00f3n General de Tr\u00e1nsito y Seguridad Vial del Estado.<\/p>\n\n\n\n<p>En este sentido, llam\u00f3 a la ciudadan\u00eda a programar sus tiempos de traslado, extremar precauciones y evitar distracciones, pues los espacios de tr\u00e1nsito ser\u00e1n reducidos y un incidente vial provocar\u00eda mayores afectaciones en la zona.<\/p>\n\n\n\n<p>Cabe destacar que esta es una obra integral que incluye la construcci\u00f3n de guarniciones, banquetas en algunos tramos; la rehabilitaci\u00f3n de tragatormentas y 19 mil 634 metros cuadrados de pavimento hidr\u00e1ulico, en una longitud de mil 740 metros lineales.<\/p>\n\n\n\n<p>Con ello, se beneficiar\u00e1 a vecinos de las colonias Lomas de San Roque, Empleados Municipales, Obrero Campesina y Francisco Ferrer Guardia, as\u00ed como a quienes utilizan esta avenida para trasladarse a sus centros laborales, escolares o realizar alguna actividad cotidiana.<\/p>\n\n\n\n<figure class=\"wp-block-gallery columns-1 is-cropped wp-block-gallery-1 is-layout-flex wp-block-gallery-is-layout-flex\"><ul class=\"blocks-gallery-grid\"><li class=\"blocks-gallery-item\"><figure><img loading=\"lazy\" decoding=\"async\" width=\"1024\" height=\"677\" src=\"https:\/\/nvnoticias.mx\/wp-content\/uploads\/2023\/07\/WhatsApp-Image-2023-07-04-at-13.55.541-1024x677.jpeg\" alt=\"\" data-id=\"112663\" data-full-url=\"https:\/\/nvnoticias.mx\/wp-content\/uploads\/2023\/07\/WhatsApp-Image-2023-07-04-at-13.55.541.jpeg\" data-link=\"https:\/\/nvnoticias.mx\/?attachment_id=112663\" class=\"wp-image-112663\" srcset=\"https:\/\/nvnoticias.mx\/wp-content\/uploads\/2023\/07\/WhatsApp-Image-2023-07-04-at-13.55.541-1024x677.jpeg 1024w, https:\/\/nvnoticias.mx\/wp-content\/uploads\/2023\/07\/WhatsApp-Image-2023-07-04-at-13.55.541-300x198.jpeg 300w, https:\/\/nvnoticias.mx\/wp-content\/uploads\/2023\/07\/WhatsApp-Image-2023-07-04-at-13.55.541-768x508.jpeg 768w, https:\/\/nvnoticias.mx\/wp-content\/uploads\/2023\/07\/WhatsApp-Image-2023-07-04-at-13.55.541.jpeg 1080w\" sizes=\"auto, (max-width: 1024px) 100vw, 1024px\" \/><\/figure><\/li><\/ul><\/figure>\n","protected":false},"excerpt":{"rendered":"<p>Xalapa, Ver.- Para continuar con el paquete de obras de rehabilitaci\u00f3n con concreto hidr\u00e1ulico en las principales avenidas de la ciudad, este mi\u00e9rcoles 5 de julio inicia la intervenci\u00f3n de la avenida Adolfo Ruiz Cortines en su segunda etapa, misma que comprende el tramo entre la avenida M\u00e1rtires del 28 de Agosto y la calle [&hellip;]<\/p>\n","protected":false},"author":35,"featured_media":112664,"comment_status":"open","ping_status":"open","sticky":false,"template":"","format":"standard","meta":{"_monsterinsights_skip_tracking":false,"_monsterinsights_sitenote_active":false,"_monsterinsights_sitenote_note":"","_monsterinsights_sitenote_category":0,"footnotes":""},"categories":[156],"tags":[8649,9065,367,17418,26109],"class_list":["post-112662","post","type-post","status-publish","format-standard","has-post-thumbnail","hentry","category-estado","tag-avenida","tag-inicia","tag-rehabilitacion","tag-ruiz-cortines","tag-segunda-etapa","wp-image-borders"],"amp_enabled":true,"_links":{"self":[{"href":"https:\/\/nvnoticias.mx\/index.php\/wp-json\/wp\/v2\/posts\/112662","targetHints":{"allow":["GET"]}}],"collection":[{"href":"https:\/\/nvnoticias.mx\/index.php\/wp-json\/wp\/v2\/posts"}],"about":[{"href":"https:\/\/nvnoticias.mx\/index.php\/wp-json\/wp\/v2\/types\/post"}],"author":[{"embeddable":true,"href":"https:\/\/nvnoticias.mx\/index.php\/wp-json\/wp\/v2\/users\/35"}],"replies":[{"embeddable":true,"href":"https:\/\/nvnoticias.mx\/index.php\/wp-json\/wp\/v2\/comments?post=112662"}],"version-history":[{"count":1,"href":"https:\/\/nvnoticias.mx\/index.php\/wp-json\/wp\/v2\/posts\/112662\/revisions"}],"predecessor-version":[{"id":112665,"href":"https:\/\/nvnoticias.mx\/index.php\/wp-json\/wp\/v2\/posts\/112662\/revisions\/112665"}],"wp:featuredmedia":[{"embeddable":true,"href":"https:\/\/nvnoticias.mx\/index.php\/wp-json\/wp\/v2\/media\/112664"}],"wp:attachment":[{"href":"https:\/\/nvnoticias.mx\/index.php\/wp-json\/wp\/v2\/media?parent=112662"}],"wp:term":[{"taxonomy":"category","embeddable":true,"href":"https:\/\/nvnoticias.mx\/index.php\/wp-json\/wp\/v2\/categories?post=112662"},{"taxonomy":"post_tag","embeddable":true,"href":"https:\/\/nvnoticias.mx\/index.php\/wp-json\/wp\/v2\/tags?post=112662"}],"curies":[{"name":"wp","href":"https:\/\/api.w.org\/{rel}","templated":true}]}}