{"id":112593,"date":"2023-07-04T10:54:49","date_gmt":"2023-07-04T15:54:49","guid":{"rendered":"https:\/\/nvnoticias.mx\/?p=112593"},"modified":"2023-07-04T10:54:50","modified_gmt":"2023-07-04T15:54:50","slug":"arranca-oposicion-hoy-registro-de-aspirantes-a-la-presidencia","status":"publish","type":"post","link":"https:\/\/nvnoticias.mx\/index.php\/2023\/07\/04\/arranca-oposicion-hoy-registro-de-aspirantes-a-la-presidencia\/","title":{"rendered":"Arranca oposici\u00f3n hoy registro de aspirantes a la Presidencia"},"content":{"rendered":"\n<p>Los panistas&nbsp;<strong>X\u00f3chitl G\u00e1lvez, Santiago Creel<\/strong>&nbsp;y&nbsp;<strong>Gabriel Quadri<\/strong>&nbsp;acudir\u00e1n hoy a las sedes nacionales de PRI, PAN y&nbsp;PRD&nbsp;y ante el&nbsp;<strong>Comit\u00e9 Organizador del Frente Amplio por M\u00e9xico<\/strong>&nbsp;para registrar sus aspiraciones presidenciales.<\/p>\n\n\n\n<p>Aunque hasta el momento no se ha dado a conocer p\u00fablicamente el calendario de registro, cada d\u00eda, y hasta el 9 de julio,&nbsp;se inscribir\u00e1n en el proceso interno tres aspirantes.<\/p>\n\n\n\n<p>Los interesados deber\u00e1n entregar credencial de elector vigente, acta de nacimiento, curriculum vitae, una exposici\u00f3n de motivos y sus declaraciones 3 de 3 sobre transparencia y de no violencia de g\u00e9nero.&nbsp;<\/p>\n\n\n\n<p>Sus partidos deber\u00e1n emitir una Carta de derechos y obligaciones\u00a0donde conste que est\u00e1n al corriente con sus aportaciones econ\u00f3micas; adem\u00e1s, los aspirantes deben firmar una autorizaci\u00f3n para que\u00a0los integrantes del\u00a0Frente Amplio por M\u00e9xico\u00a0puedan usar sus datos y dejar un representante para notificaciones.\u00a0<\/p>\n\n\n\n<p>El 10 de julio, el Comit\u00e9 Organizador informar\u00e1 qui\u00e9nes cumplieron con los requisitos y del 12 de ese mes al 3 de agosto se habilitar\u00e1 la plataforma digital para que los finalistas del proceso registren 150 mil firmas de apoyo provenientes de 17 entidades.&nbsp;<\/p>\n\n\n\n<p><strong>Patricia McCarthy<\/strong>, ex consejera del\u00a0INE\u00a0en Yucat\u00e1n e integrante del Comit\u00e9 Organizador, asegur\u00f3 en conferencia que los ciudadanos que deseen participar\u00a0en la jornada de votaci\u00f3n del 3 de septiembre\u00a0pueden\u00a0registrarse hasta el 20 de agosto.<\/p>\n\n\n\n<p>El d\u00eda 10 de agosto se realizar\u00e1, sin a\u00fan definir la sede, un foro para que los aspirantes presenten&nbsp;su plataforma de gobierno; tras ello, del 11 al 16 de agosto&nbsp;se levantar\u00e1 la primera encuesta de la que saldr\u00e1n tres ganadores.<\/p>\n\n\n\n<p>Con la terna ganadora se llevar\u00e1n a cabo cinco&nbsp;debates en cinco circunscripciones del pa\u00eds: el 17 de agosto en Tijuana,&nbsp;el 19 en Monterrey ,&nbsp;el 22 en Le\u00f3n,&nbsp;el 24 en Guadalajara&nbsp;y el 26 en M\u00e9rida.<\/p>\n\n\n\n<p>Otra&nbsp;encuesta se realizar\u00e1 entre el&nbsp;27 de julio y el 30 de agosto, mientras que la&nbsp;consulta abierta y a trav\u00e9s de plataforma digital se har\u00e1 el 3 de septiembre; los resultados de la consulta valdr\u00e1n 50 por ciento y la jornada de votaci\u00f3n el resto. El ganador, afirm\u00f3 McCarthy, ser\u00e1 \u201cla que tenga mejor desempe\u00f1o en ambos ejercicios\u201d.&nbsp;<\/p>\n\n\n\n<p>En la presentaci\u00f3n de las reglas, las dirigencias de\u00a0PRI, PAN y PRD acusaron al Presidente de entrometerse en el proceso de selecci\u00f3n del Frente Amplio al espiar a sus aspirantes.<\/p>\n\n\n\n<p>Fuente: <a href=\"https:\/\/www.milenio.com\/politica\/oposicion-arranca-hoy-registro-de-aspirantes-a-la-presidencia\" data-type=\"URL\" data-id=\"https:\/\/www.milenio.com\/politica\/oposicion-arranca-hoy-registro-de-aspirantes-a-la-presidencia\">Milenio<\/a> <\/p>\n","protected":false},"excerpt":{"rendered":"<p>Los panistas&nbsp;X\u00f3chitl G\u00e1lvez, Santiago Creel&nbsp;y&nbsp;Gabriel Quadri&nbsp;acudir\u00e1n hoy a las sedes nacionales de PRI, PAN y&nbsp;PRD&nbsp;y ante el&nbsp;Comit\u00e9 Organizador del Frente Amplio por M\u00e9xico&nbsp;para registrar sus aspiraciones presidenciales. Aunque hasta el momento no se ha dado a conocer p\u00fablicamente el calendario de registro, cada d\u00eda, y hasta el 9 de julio,&nbsp;se inscribir\u00e1n en el proceso interno [&hellip;]<\/p>\n","protected":false},"author":35,"featured_media":58840,"comment_status":"open","ping_status":"open","sticky":false,"template":"","format":"standard","meta":{"_monsterinsights_skip_tracking":false,"_monsterinsights_sitenote_active":false,"_monsterinsights_sitenote_note":"","_monsterinsights_sitenote_category":0,"footnotes":""},"categories":[158],"tags":[12744,467,2855,162,1058,2640],"class_list":["post-112593","post","type-post","status-publish","format-standard","has-post-thumbnail","hentry","category-politica","tag-arranca","tag-aspirantes","tag-oposicion","tag-portada","tag-presidencia","tag-registro","wp-image-borders"],"amp_enabled":true,"_links":{"self":[{"href":"https:\/\/nvnoticias.mx\/index.php\/wp-json\/wp\/v2\/posts\/112593","targetHints":{"allow":["GET"]}}],"collection":[{"href":"https:\/\/nvnoticias.mx\/index.php\/wp-json\/wp\/v2\/posts"}],"about":[{"href":"https:\/\/nvnoticias.mx\/index.php\/wp-json\/wp\/v2\/types\/post"}],"author":[{"embeddable":true,"href":"https:\/\/nvnoticias.mx\/index.php\/wp-json\/wp\/v2\/users\/35"}],"replies":[{"embeddable":true,"href":"https:\/\/nvnoticias.mx\/index.php\/wp-json\/wp\/v2\/comments?post=112593"}],"version-history":[{"count":3,"href":"https:\/\/nvnoticias.mx\/index.php\/wp-json\/wp\/v2\/posts\/112593\/revisions"}],"predecessor-version":[{"id":112596,"href":"https:\/\/nvnoticias.mx\/index.php\/wp-json\/wp\/v2\/posts\/112593\/revisions\/112596"}],"wp:featuredmedia":[{"embeddable":true,"href":"https:\/\/nvnoticias.mx\/index.php\/wp-json\/wp\/v2\/media\/58840"}],"wp:attachment":[{"href":"https:\/\/nvnoticias.mx\/index.php\/wp-json\/wp\/v2\/media?parent=112593"}],"wp:term":[{"taxonomy":"category","embeddable":true,"href":"https:\/\/nvnoticias.mx\/index.php\/wp-json\/wp\/v2\/categories?post=112593"},{"taxonomy":"post_tag","embeddable":true,"href":"https:\/\/nvnoticias.mx\/index.php\/wp-json\/wp\/v2\/tags?post=112593"}],"curies":[{"name":"wp","href":"https:\/\/api.w.org\/{rel}","templated":true}]}}