{"id":112567,"date":"2023-07-03T18:28:52","date_gmt":"2023-07-03T23:28:52","guid":{"rendered":"https:\/\/nvnoticias.mx\/?p=112567"},"modified":"2023-07-03T18:28:53","modified_gmt":"2023-07-03T23:28:53","slug":"anuncian-nueva-corrida-aerea-entre-veracruz-y-villahermosa","status":"publish","type":"post","link":"https:\/\/nvnoticias.mx\/index.php\/2023\/07\/03\/anuncian-nueva-corrida-aerea-entre-veracruz-y-villahermosa\/","title":{"rendered":"Anuncian nueva corrida a\u00e9rea entre Veracruz y Villahermosa"},"content":{"rendered":"\n<p><strong>Jes\u00fas Utrilla \/ NV Noticias <\/strong><\/p>\n\n\n\n<p>Como parte de su plan de expansi\u00f3n la aerol\u00ednea Aerus inaugur\u00f3 el vuelo directo entre Veracruz y Villahermosa, conectando as\u00ed dos importantes destinos en el sureste de M\u00e9xico.<\/p>\n\n\n\n<p>Este nuevo servicio se ofrecer\u00e1 desde el Aeropuerto Heriberto Jara Corona y estar\u00e1 disponible con dos vuelos redondos diarios, de lunes a viernes. <\/p>\n\n\n\n<p>Adem\u00e1s, Aerus tambi\u00e9n ofrecer\u00e1 un vuelo diario redondo de Veracruz a Tampico. Los horarios de los vuelos directos Veracruz-Villahermosa ser\u00e1n a las 8:40 de la ma\u00f1ana y a las 1:55 de la tarde. <\/p>\n\n\n\n<p>Por otro lado, el vuelo de Veracruz a Tampico partir\u00e1 a las 12:45 del mediod\u00eda, tambi\u00e9n de lunes a viernes. Adem\u00e1s, los martes y jueves se ofrecer\u00e1n vuelos a Matamoros, mientras que los lunes, mi\u00e9rcoles y viernes habr\u00e1 vuelos a Reynosa.<\/p>\n\n\n\n<p>Los precios de los boletos para estos vuelos comenzar\u00e1n en aproximadamente 2 mil 200 pesos, incluyendo el TUA (Tarifa de Uso de Aeropuerto), pero variar\u00e1n dependiendo del tiempo de anticipaci\u00f3n con el que se realice la reserva. <\/p>\n\n\n\n<p>Javier Herrera, director de la aerol\u00ednea, mencion\u00f3 que tienen planes de aumentar las operaciones en estos destinos a medida que pase el tiempo, brindando as\u00ed mayor flexibilidad de conectividad, permitiendo a los pasajeros viajar desde Veracruz hasta Matamoros o Reynosa a trav\u00e9s de Tampico, o desde Tampico al Aeropuerto de Veracruz.<\/p>\n","protected":false},"excerpt":{"rendered":"<p>Jes\u00fas Utrilla \/ NV Noticias Como parte de su plan de expansi\u00f3n la aerol\u00ednea Aerus inaugur\u00f3 el vuelo directo entre Veracruz y Villahermosa, conectando as\u00ed dos importantes destinos en el sureste de M\u00e9xico. Este nuevo servicio se ofrecer\u00e1 desde el Aeropuerto Heriberto Jara Corona y estar\u00e1 disponible con dos vuelos redondos diarios, de lunes a [&hellip;]<\/p>\n","protected":false},"author":8,"featured_media":112568,"comment_status":"open","ping_status":"open","sticky":false,"template":"","format":"standard","meta":{"_monsterinsights_skip_tracking":false,"_monsterinsights_sitenote_active":false,"_monsterinsights_sitenote_note":"","_monsterinsights_sitenote_category":0,"footnotes":""},"categories":[154],"tags":[26091,180,1363],"class_list":["post-112567","post","type-post","status-publish","format-standard","has-post-thumbnail","hentry","category-veracruz","tag-corrida-aerea","tag-veracruz","tag-villahermosa","wp-image-borders"],"amp_enabled":true,"_links":{"self":[{"href":"https:\/\/nvnoticias.mx\/index.php\/wp-json\/wp\/v2\/posts\/112567","targetHints":{"allow":["GET"]}}],"collection":[{"href":"https:\/\/nvnoticias.mx\/index.php\/wp-json\/wp\/v2\/posts"}],"about":[{"href":"https:\/\/nvnoticias.mx\/index.php\/wp-json\/wp\/v2\/types\/post"}],"author":[{"embeddable":true,"href":"https:\/\/nvnoticias.mx\/index.php\/wp-json\/wp\/v2\/users\/8"}],"replies":[{"embeddable":true,"href":"https:\/\/nvnoticias.mx\/index.php\/wp-json\/wp\/v2\/comments?post=112567"}],"version-history":[{"count":1,"href":"https:\/\/nvnoticias.mx\/index.php\/wp-json\/wp\/v2\/posts\/112567\/revisions"}],"predecessor-version":[{"id":112569,"href":"https:\/\/nvnoticias.mx\/index.php\/wp-json\/wp\/v2\/posts\/112567\/revisions\/112569"}],"wp:featuredmedia":[{"embeddable":true,"href":"https:\/\/nvnoticias.mx\/index.php\/wp-json\/wp\/v2\/media\/112568"}],"wp:attachment":[{"href":"https:\/\/nvnoticias.mx\/index.php\/wp-json\/wp\/v2\/media?parent=112567"}],"wp:term":[{"taxonomy":"category","embeddable":true,"href":"https:\/\/nvnoticias.mx\/index.php\/wp-json\/wp\/v2\/categories?post=112567"},{"taxonomy":"post_tag","embeddable":true,"href":"https:\/\/nvnoticias.mx\/index.php\/wp-json\/wp\/v2\/tags?post=112567"}],"curies":[{"name":"wp","href":"https:\/\/api.w.org\/{rel}","templated":true}]}}