{"id":112525,"date":"2023-07-03T13:36:35","date_gmt":"2023-07-03T18:36:35","guid":{"rendered":"https:\/\/nvnoticias.mx\/?p=112525"},"modified":"2023-07-03T13:36:36","modified_gmt":"2023-07-03T18:36:36","slug":"pide-santiago-creel-registro-para-proceso-de-va-por-mexico","status":"publish","type":"post","link":"https:\/\/nvnoticias.mx\/index.php\/2023\/07\/03\/pide-santiago-creel-registro-para-proceso-de-va-por-mexico\/","title":{"rendered":"Pide Santiago Creel registro para proceso de Va por M\u00e9xico"},"content":{"rendered":"\n<p>Santiago Creel, presidente de la C\u00e1mara de Diputados, se \u2018adelant\u00f3&#8217; y pidi\u00f3 este lunes a la dirigencia nacional del PAN que sea<strong> el primero en ser registrado como aspirante<\/strong> a dirigir el Frente Amplio Por M\u00e9xico.<\/p>\n\n\n\n<p>El panista se anticip\u00f3, y antes que se dieran a&nbsp;conocer<strong> los t\u00e9rminos de la convocatoria<\/strong> solicit\u00f3 en un oficio a la secretaria general del PAN, <strong>Cecilia Patr\u00f3n<\/strong>, que sea recibido el martes 4 de julio en la sede nacional del partido.<\/p>\n\n\n\n<p>Su movimiento se da despu\u00e9s de que el presidente Andr\u00e9s Manuel L\u00f3pez Obrador dijo en la \u2018ma\u00f1anera\u2019 que la candidata presidencial de la oposici\u00f3n ser\u00e1 X\u00f3chitl G\u00e1lvez.<\/p>\n\n\n\n<p>De acuerdo con la encuesta publicada la semana pasada por <em>El Financiero<\/em>, Creel y G\u00e1lvez son los aspirantes de la oposici\u00f3n con mayor apoyo, al reunir 11 por ciento de los apoyos de los entrevistados. Ambos son seguidos por Lilly T\u00e9llez, quien ya dijo que no participar\u00e1 en el proceso de Va por M\u00e9xico y cuenta con 10 por ciento de los respaldos.<\/p>\n\n\n\n<p>La encuesta mostr\u00f3 estos apoyos para el resto de aspirantes de la oposici\u00f3n:<\/p>\n\n\n\n<ul class=\"wp-block-list\"><li>Enrique de la Madrid: 8 por ciento<\/li><li>Claudia Ruiz Massieu (declin\u00f3 participaci\u00f3n): 7 por ciento<\/li><li>Miguel \u00c1ngel Mancera: 7 por ciento<\/li><\/ul>\n\n\n\n<p>En contra de Creel juega que 38 por ciento de los encuestados tiene <strong>una opini\u00f3n desfavorable<\/strong> sobre el presidente de la Mesa Directiva de la Mesa Directiva (la segunda cifra m\u00e1s alta entre los aspirantes).<\/p>\n\n\n\n<p>El proceso inicia ma\u00f1ana, 4 de julio, con la inscripci\u00f3n ante la Comisi\u00f3n de Registros del PAN, PRI y PRD, los partidos que conforman la coalici\u00f3n Va por M\u00e9xico.<\/p>\n\n\n\n<p>Para pasar <strong>a la segunda etapa del proceso<\/strong>, los y las interesadas deber\u00e1n reunir como m\u00ednimo 150 mil firmas que quedar\u00e1n contabilizadas en una plataforma electr\u00f3nica.<\/p>\n\n\n\n<p>Quienes cumplan con ese requisito participar\u00e1n en un foro p\u00fablico donde expondr\u00e1n sus planteamientos. La alianza opositora realizar\u00e1 despu\u00e9s <strong>una encuesta de opini\u00f3n<\/strong> para definir a <strong>los tres perfiles<\/strong> que podr\u00e1n participar en la etapa final.<\/p>\n\n\n\n<p>En esta fase, los aspirantes opositores participar\u00e1n en cinco foros y ser\u00e1n sometidos nuevamente a un estudio de opini\u00f3n p\u00fablica. Los resultados de ese ejercicio se tomar\u00e1n en cuenta para definir al candidato presidencial as\u00ed como una consulta ciudadana que se realizar\u00e1 <strong>el pr\u00f3ximo 3 de septiembre<\/strong>.<\/p>\n\n\n\n<p>Fuente: <a href=\"https:\/\/www.elfinanciero.com.mx\/nacional\/2023\/07\/03\/santiago-creel-pide-registro-para-proceso-de-va-por-mexico\/\" data-type=\"URL\" data-id=\"https:\/\/www.elfinanciero.com.mx\/nacional\/2023\/07\/03\/santiago-creel-pide-registro-para-proceso-de-va-por-mexico\/\">El Financiero<\/a><\/p>\n","protected":false},"excerpt":{"rendered":"<p>Santiago Creel, presidente de la C\u00e1mara de Diputados, se \u2018adelant\u00f3&#8217; y pidi\u00f3 este lunes a la dirigencia nacional del PAN que sea el primero en ser registrado como aspirante a dirigir el Frente Amplio Por M\u00e9xico. El panista se anticip\u00f3, y antes que se dieran a&nbsp;conocer los t\u00e9rminos de la convocatoria solicit\u00f3 en un oficio [&hellip;]<\/p>\n","protected":false},"author":35,"featured_media":72674,"comment_status":"open","ping_status":"open","sticky":false,"template":"","format":"standard","meta":{"_monsterinsights_skip_tracking":false,"_monsterinsights_sitenote_active":false,"_monsterinsights_sitenote_note":"","_monsterinsights_sitenote_category":0,"footnotes":""},"categories":[158],"tags":[9741,2189,2640,1047,794],"class_list":["post-112525","post","type-post","status-publish","format-standard","has-post-thumbnail","hentry","category-politica","tag-pide","tag-proceso","tag-registro","tag-santiago-creel","tag-va-por-mexico","wp-image-borders"],"amp_enabled":true,"_links":{"self":[{"href":"https:\/\/nvnoticias.mx\/index.php\/wp-json\/wp\/v2\/posts\/112525","targetHints":{"allow":["GET"]}}],"collection":[{"href":"https:\/\/nvnoticias.mx\/index.php\/wp-json\/wp\/v2\/posts"}],"about":[{"href":"https:\/\/nvnoticias.mx\/index.php\/wp-json\/wp\/v2\/types\/post"}],"author":[{"embeddable":true,"href":"https:\/\/nvnoticias.mx\/index.php\/wp-json\/wp\/v2\/users\/35"}],"replies":[{"embeddable":true,"href":"https:\/\/nvnoticias.mx\/index.php\/wp-json\/wp\/v2\/comments?post=112525"}],"version-history":[{"count":1,"href":"https:\/\/nvnoticias.mx\/index.php\/wp-json\/wp\/v2\/posts\/112525\/revisions"}],"predecessor-version":[{"id":112528,"href":"https:\/\/nvnoticias.mx\/index.php\/wp-json\/wp\/v2\/posts\/112525\/revisions\/112528"}],"wp:featuredmedia":[{"embeddable":true,"href":"https:\/\/nvnoticias.mx\/index.php\/wp-json\/wp\/v2\/media\/72674"}],"wp:attachment":[{"href":"https:\/\/nvnoticias.mx\/index.php\/wp-json\/wp\/v2\/media?parent=112525"}],"wp:term":[{"taxonomy":"category","embeddable":true,"href":"https:\/\/nvnoticias.mx\/index.php\/wp-json\/wp\/v2\/categories?post=112525"},{"taxonomy":"post_tag","embeddable":true,"href":"https:\/\/nvnoticias.mx\/index.php\/wp-json\/wp\/v2\/tags?post=112525"}],"curies":[{"name":"wp","href":"https:\/\/api.w.org\/{rel}","templated":true}]}}