{"id":112522,"date":"2023-07-03T13:30:22","date_gmt":"2023-07-03T18:30:22","guid":{"rendered":"https:\/\/nvnoticias.mx\/?p=112522"},"modified":"2023-07-03T13:30:23","modified_gmt":"2023-07-03T18:30:23","slug":"hospitalizan-a-mario-vargas-llosa-por-nuevo-contagio-de-covid","status":"publish","type":"post","link":"https:\/\/nvnoticias.mx\/index.php\/2023\/07\/03\/hospitalizan-a-mario-vargas-llosa-por-nuevo-contagio-de-covid\/","title":{"rendered":"Hospitalizan a Mario Vargas Llosa por nuevo contagio de covid"},"content":{"rendered":"\n<p>Mario Vargas Llosa desat\u00f3 nuevamente preocupaci\u00f3n entre la comunidad de literatura y el mundo entero, pues otra vez ha sido internado debido a un contagio de coronavirus; cabe destacar que es la segunda vez que lo padece.<\/p>\n\n\n\n<p>El escritor peruano tiene actualmente 87 a\u00f1os y fueron \u00c1lvaro, Gonzalo y Morgana Vargas Llosa quienes confirmaron que \u201cest\u00e1 hospitalizado desde el s\u00e1bado tras hab\u00e9rsele diagnosticado el covid-19&#8243;; pero dejaron claro que solamente lo daban a conocer &#8220;en vista del inter\u00e9s de los medios por el estado de salud\u201d.<\/p>\n\n\n\n<p>La familia tampoco dio a conocer en qu\u00e9 cl\u00ednica m\u00e9dica se encuentra actualmente el novelista, sin embargo, se sabe que recientemente visit\u00f3 Per\u00fa y se le vio acompa\u00f1ado de sus hijos y ex esposa, aunque usualmente el famoso pasa mayor tiempo en Espa\u00f1a.<\/p>\n\n\n\n<p>Fuente: <a href=\"https:\/\/www.milenio.com\/espectaculos\/famosos\/mario-vargas-llosa-hospitalizado-por-covid-19-nuevamente\" data-type=\"URL\" data-id=\"https:\/\/www.milenio.com\/espectaculos\/famosos\/mario-vargas-llosa-hospitalizado-por-covid-19-nuevamente\">Milenio<\/a><\/p>\n","protected":false},"excerpt":{"rendered":"<p>Mario Vargas Llosa desat\u00f3 nuevamente preocupaci\u00f3n entre la comunidad de literatura y el mundo entero, pues otra vez ha sido internado debido a un contagio de coronavirus; cabe destacar que es la segunda vez que lo padece. El escritor peruano tiene actualmente 87 a\u00f1os y fueron \u00c1lvaro, Gonzalo y Morgana Vargas Llosa quienes confirmaron que [&hellip;]<\/p>\n","protected":false},"author":35,"featured_media":80669,"comment_status":"open","ping_status":"open","sticky":false,"template":"","format":"standard","meta":{"_monsterinsights_skip_tracking":false,"_monsterinsights_sitenote_active":false,"_monsterinsights_sitenote_note":"","_monsterinsights_sitenote_category":0,"footnotes":""},"categories":[576],"tags":[8020,358,9642,13637],"class_list":["post-112522","post","type-post","status-publish","format-standard","has-post-thumbnail","hentry","category-ocio","tag-contagio","tag-covid","tag-hospitalizan","tag-mario-vargas-llosa","wp-image-borders"],"amp_enabled":true,"_links":{"self":[{"href":"https:\/\/nvnoticias.mx\/index.php\/wp-json\/wp\/v2\/posts\/112522","targetHints":{"allow":["GET"]}}],"collection":[{"href":"https:\/\/nvnoticias.mx\/index.php\/wp-json\/wp\/v2\/posts"}],"about":[{"href":"https:\/\/nvnoticias.mx\/index.php\/wp-json\/wp\/v2\/types\/post"}],"author":[{"embeddable":true,"href":"https:\/\/nvnoticias.mx\/index.php\/wp-json\/wp\/v2\/users\/35"}],"replies":[{"embeddable":true,"href":"https:\/\/nvnoticias.mx\/index.php\/wp-json\/wp\/v2\/comments?post=112522"}],"version-history":[{"count":1,"href":"https:\/\/nvnoticias.mx\/index.php\/wp-json\/wp\/v2\/posts\/112522\/revisions"}],"predecessor-version":[{"id":112523,"href":"https:\/\/nvnoticias.mx\/index.php\/wp-json\/wp\/v2\/posts\/112522\/revisions\/112523"}],"wp:featuredmedia":[{"embeddable":true,"href":"https:\/\/nvnoticias.mx\/index.php\/wp-json\/wp\/v2\/media\/80669"}],"wp:attachment":[{"href":"https:\/\/nvnoticias.mx\/index.php\/wp-json\/wp\/v2\/media?parent=112522"}],"wp:term":[{"taxonomy":"category","embeddable":true,"href":"https:\/\/nvnoticias.mx\/index.php\/wp-json\/wp\/v2\/categories?post=112522"},{"taxonomy":"post_tag","embeddable":true,"href":"https:\/\/nvnoticias.mx\/index.php\/wp-json\/wp\/v2\/tags?post=112522"}],"curies":[{"name":"wp","href":"https:\/\/api.w.org\/{rel}","templated":true}]}}